{"id":38878,"date":"2016-02-20T21:50:16","date_gmt":"2016-02-20T19:50:16","guid":{"rendered":"http:\/\/www.sana.sy\/es\/?p=38878"},"modified":"2016-02-20T21:51:17","modified_gmt":"2016-02-20T19:51:17","slug":"ejercito-retoma-el-control-de-la-central-termoelectrica-en-el-campo-de-alepo","status":"publish","type":"post","link":"https:\/\/archive.sana.sy\/es\/?p=38878","title":{"rendered":"Ej\u00e9rcito retoma el control de la central termoel\u00e9ctrica en el campo de Alepo"},"content":{"rendered":"<p style=\"text-align: justify\"><span style=\"color: #800000\">Damasco, SANA<\/span>&#8211; El Ej\u00e9rcito Sirio ha anunciado que ha retomado el control de la central termoel\u00e9ctrica, ubicada en el campo de la ciudad de Alepo, tras &#8220;una serie de duros enfrentamientos con las bandas terroristas &#8220;, seg\u00fan ha informado el vocero del Comando General del Ej\u00e9rcito Sirio.<\/p>\n<p style=\"text-align: justify\">El Comando General del Ej\u00e9rcito y de las fuerzas armadas asegur\u00f3 que retomar el control de la central termoel\u00e9ctrica en el campo oriental de la cuidad de Alepo tendr\u00e1 su efecto positivo en reforzar la resistencia de la poblaci\u00f3n de Alepo.<\/p>\n<p style=\"text-align: justify\">De acuerdo con el comunicado del Comando general, que SANA recibi\u00f3 una copia del cual, &#8220;tras una serie de operaciones concretas y precisas con el apoyo de la aviaci\u00f3n siria y rusa las unidades de las Fuerzas Armadas recuperaron el control completo sobre la central termoel\u00e9ctrica y recuperaron la seguridad y la estabilidad en un n\u00famero de localidades en la zona rural oriental de la provincia de Alepo. &#8220;<\/p>\n<p style=\"text-align: justify\">El portavoz concluy\u00f3 su comunicado afirmando que las fuerzas armadas sirias seguir\u00e1n con sus misiones y operaciones anti-terroristas hasta limpiar todo el territorio sirio de las bandas terroristas y recuperar la paz y la seguridad para todo el pa\u00eds, agregando que el Comando General llama a los involucrados en los hechos para entregarse inmediatamente a las autoridades competentes.<\/p>\n<p>M.Miri<\/p>\n","protected":false},"excerpt":{"rendered":"<p>Damasco, SANA&#8211; El Ej\u00e9rcito Sirio ha anunciado que ha retomado el control de la central termoel\u00e9ctrica, ubicada en el campo de la ciudad de Alepo, tras &#8220;una serie de duros enfrentamientos con las bandas terroristas &#8220;, seg\u00fan ha informado el vocero del Comando General del Ej\u00e9rcito Sirio. El Comando General del Ej\u00e9rcito y de las &hellip;<\/p>\n","protected":false},"author":1,"featured_media":38879,"comment_status":"closed","ping_status":"closed","sticky":false,"template":"","format":"standard","meta":{"footnotes":""},"categories":[477,476,583,7541],"tags":[8075],"class_list":["post-38878","post","type-post","status-publish","format-standard","has-post-thumbnail","","category-noticias-edulcorantes","category-locales","category-slide","category-ultimas-noticias","tag-ejercito-retoma-el-control-de-la-central-termoelectrica-en-el-campo-de-alepo"],"_links":{"self":[{"href":"https:\/\/archive.sana.sy\/es\/index.php?rest_route=\/wp\/v2\/posts\/38878"}],"collection":[{"href":"https:\/\/archive.sana.sy\/es\/index.php?rest_route=\/wp\/v2\/posts"}],"about":[{"href":"https:\/\/archive.sana.sy\/es\/index.php?rest_route=\/wp\/v2\/types\/post"}],"author":[{"embeddable":true,"href":"https:\/\/archive.sana.sy\/es\/index.php?rest_route=\/wp\/v2\/users\/1"}],"replies":[{"embeddable":true,"href":"https:\/\/archive.sana.sy\/es\/index.php?rest_route=%2Fwp%2Fv2%2Fcomments&post=38878"}],"version-history":[{"count":0,"href":"https:\/\/archive.sana.sy\/es\/index.php?rest_route=\/wp\/v2\/posts\/38878\/revisions"}],"wp:featuredmedia":[{"embeddable":true,"href":"https:\/\/archive.sana.sy\/es\/index.php?rest_route=\/wp\/v2\/media\/38879"}],"wp:attachment":[{"href":"https:\/\/archive.sana.sy\/es\/index.php?rest_route=%2Fwp%2Fv2%2Fmedia&parent=38878"}],"wp:term":[{"taxonomy":"category","embeddable":true,"href":"https:\/\/archive.sana.sy\/es\/index.php?rest_route=%2Fwp%2Fv2%2Fcategories&post=38878"},{"taxonomy":"post_tag","embeddable":true,"href":"https:\/\/archive.sana.sy\/es\/index.php?rest_route=%2Fwp%2Fv2%2Ftags&post=38878"}],"curies":[{"name":"wp","href":"https:\/\/api.w.org\/{rel}","templated":true}]}}