{"id":38883,"date":"2016-02-21T01:04:25","date_gmt":"2016-02-20T23:04:25","guid":{"rendered":"http:\/\/www.sana.sy\/es\/?p=38883"},"modified":"2016-02-21T01:04:25","modified_gmt":"2016-02-20T23:04:25","slug":"entrevista-del-senor-presidente-bashar-al-assad-con-el-diario-espanol-el-pais","status":"publish","type":"post","link":"https:\/\/archive.sana.sy\/es\/?p=38883","title":{"rendered":"Entrevista del se\u00f1or presidente Bashar Al-Assad con el diario espa\u00f1ol El Pa\u00eds"},"content":{"rendered":"<p style=\"text-align: justify\"><span style=\"color: #800000\">Damasco, SANA<\/span>\u2013 El Presidente Bashar al-Assad, concedi\u00f3 una entrevista a diario espa\u00f1ol El Pa\u00eds. Los ejes de la entrevista se centraron sobre los \u00faltimos acontecimientos en Siria y en la regi\u00f3n.<\/p>\n<p style=\"text-align: justify\">pregunta 1:<\/p>\n<p style=\"text-align: justify\">\u00faltimamente ustedes permitieron la introducci\u00f3n de la ayuda humanitaria en siete zonas asediadas. Algunos presumen que en dichas zonas habitan no menos de 486 mil personas y que ciertas zonas est\u00e1n asediadas desde hace mas de tres a\u00f1os. \u00bfpor qu\u00e9 se atras\u00f3 hasta tan tarde del conflicto, la introducci\u00f3n de la ayuda?<\/p>\n<p style=\"text-align: justify\">Se\u00f1or Presidente:<\/p>\n<p style=\"text-align: justify\">Realmente, esto no ocurri\u00f3 \u00faltimamente, sino esta en marcha desde el inicio de la crisis. Nosotros no hemos asediado ninguna zona en Siria. Existe diferencia entre la imposici\u00f3n de un asedio y la aplicaci\u00f3n de un cerco a una determinada zona debido al despliegue de grupos armados en la misma, y esto es natural en estas circunstancias militares o de seguridad. El problema de dichas zonas, radica en que los propios grupos armados han confiscado los alimentos y las necesidades b\u00e1sicas de sus habitantes y se las entregaron a sus integrantes armados o se las vendieron a la gente a precios no asequibles. Mientras nosotros como gobierno, no hemos impedido la llegada de la ayuda a ninguna zona, incluidas aquellas que est\u00e1n bajo control del DAESH, como por ejemplo la ciudad de Al-Rakka al norte del pa\u00eds y que ahora esta bajo su control y antes estaba bajo control del Frente Al-Nusra, desde hace casi tres a\u00f1os. Aun seguimos enviando a estas zonas, los salarios de los empleados, las pensiones de los jubilados y las vacunas para los ni\u00f1os.<\/p>\n<p style=\"text-align: justify\">Pregunta 2:<\/p>\n<p style=\"text-align: justify\">\u00bfEntonces siguen enviando a Al-Rakka y otros bastiones del DAESH, los alimentos y los salarios de los empleados?<\/p>\n<p style=\"text-align: justify\">Se\u00f1or presidente:<\/p>\n<p style=\"text-align: justify\">Efectivamente. Pues si estamos enviando los salarios a Al-Rakka que est\u00e1 bajo control de DAESH, porque creemos como gobierno, que toda persona siria es nuestra responsabilidad, entonces como no lo haremos en otras zonas? Esto es irreal y contradictorio. Por ello he dicho que ello no ocurri\u00f3 tan solo \u00faltimamente. Nosotros desde el inicio, nunca hemos dejado de permitir la introducci\u00f3n de las ayudas o los alimentos.<\/p>\n<p style=\"text-align: justify\">Pregunta 3:<\/p>\n<p style=\"text-align: justify\">\u00bfEsto continuar\u00e1?<\/p>\n<p style=\"text-align: justify\">Se\u00f1or presidente:<\/p>\n<p style=\"text-align: justify\">Seguro.<\/p>\n<p style=\"text-align: justify\">pregunta 4 :<\/p>\n<p style=\"text-align: justify\">estamos muy cerca de la tregua anunciada por Rusia y EEUU. \u00bf el Gobierno Sirio esta dispuesto a respetar el alto el fuego y la suspensi\u00f3n de las operaciones militares en Siria?<\/p>\n<p style=\"text-align: justify\">Se\u00f1or presidente :<\/p>\n<p style=\"text-align: justify\">Desde luego, adem\u00e1s hemos anunciado que estamos dispuestos, pero el asunto no depende \u00fanicamente del anuncio, por que quiz\u00e1s la otra parte hace lo mismo. El asunto depende de lo que vamos a hacer sobre el terreno . El alto el fuego depende \u2013 eso si quieres utilizar el concepto alto el fuego y no es la correcta palabra por que el alto el fuego ocurre entre dos ej\u00e9rcitos o dos pa\u00edses enfrentados \u2013 entonces utilicemos el concepto detener las operaciones .<\/p>\n<p style=\"text-align: justify\">El asunto principalmente depende de detener el Fuego, pero tambi\u00e9n de los dem\u00e1s factores complementarios y que son mas importantes , como por ejemplo impedir que los terroristas aprovechen la suspensi\u00f3n de las operaciones para mejorar sus posiciones . Tambi\u00e9n depende de prohibirles a otros pa\u00edses, especialmente Turqu\u00eda, enviar mas terroristas y armas o cualquier tipo de respaldo log\u00edstico a los terroristas. adem\u00e1s, usted sabe que existe la resoluci\u00f3n del consejo de seguridad referente a este punto y que no ha sido acatada. Si no garantizamos todos estos requerimientos necesarios para la suspensi\u00f3n de las operaciones, ello dejar\u00e1 un efecto negativo y provocar\u00e1 mas caos en siria, y tambi\u00e9n podr\u00e1 conllevar a la divisi\u00f3n de facto del pa\u00eds . Por ello, si queremos aplicar el cese de las operaciones , ello podr\u00eda ser positivo si son garantizados los requerimientos necesarios.<\/p>\n<p style=\"text-align: justify\">Pregunta 5:<\/p>\n<p style=\"text-align: justify\">Entonces, \u00bfhabr\u00e1 combates, a pesar del alto el fuego, al menos contra algunos grupos armados?<\/p>\n<p style=\"text-align: justify\">Se\u00f1or presidente:<\/p>\n<p style=\"text-align: justify\">Si, seguro, como por ejemplo el DAESH, Al-Nusra y dem\u00e1s organizaciones o agrupaciones terroristas afiliadas a Al-Qaeda. Siria y Rusia, ya anunciaron los nombres de cuatro organizaciones de estas: Ahrar Al-Sham (Los libres del Levante) , Ej\u00e9rcito del Islam, adem\u00e1s del Frente Al-Nusra y el DAESH.<\/p>\n<p style=\"text-align: justify\">Pregunta 6:<\/p>\n<p style=\"text-align: justify\">Sus tropas ya rodean a Alepo, uno de los bastiones mas grandes de la oposici\u00f3n. \u00bfcu\u00e1ndo prev\u00e9n recuperar el control de esta ciudad?<\/p>\n<p style=\"text-align: justify\">Se\u00f1or presidente:<\/p>\n<p style=\"text-align: justify\">En realidad, nosotros marcamos presencia en el centro de la ciudad y por consiguiente, gran parte de la urbe esta bajo control del gobierno y la mayor\u00eda de los habitantes de los dem\u00e1s suburbios se han desplazado desde la zona bajo control de los armados, hacia las zonas bajo control del gobierno y por ello la cuesti\u00f3n no se trata de recuperar el control de la ciudad. En realidad, el asunto radica en bloquear las v\u00edas entre Turqu\u00eda y los grupos terroristas. Es obvio que no habr\u00e1 cierre total de la zona extendida entre Alepo y Turqu\u00eda, pero ello har\u00e1 mas dif\u00edcil la relaci\u00f3n entre Turqu\u00eda y los terroristas. Es por esta raz\u00f3n que Turqu\u00eda procedi\u00f3 \u00faltimamente a bombardear a los kurdos.<\/p>\n<p style=\"text-align: justify\">pregunta 7:<\/p>\n<p style=\"text-align: justify\">\u00bfQue hay despu\u00e9s de Alepo\u00bf el ejercito sirio esta preparado para ir hasta Al-Rakka, capital del llamado Estado Isl\u00e1mico?<\/p>\n<p style=\"text-align: justify\">Se\u00f1or Presidente:<\/p>\n<p style=\"text-align: justify\">En principio, debemos ir a todos los sitios, pero actualmente estamos combatiendo en mas de 10 frentes en siria . reci\u00e9n, hemos avanzado hacia Al-Rakka, pero todav\u00eda estamos lejos de ella. Entonces en principio, Si, vamos rumbo a Al-Rakka y otras zonas, aunque el tiempo depende de los resultados de los diferentes combates que tienen lugar actualmente y por ello no podemos definir con toda exactitud el tiempo .<\/p>\n<p style=\"text-align: justify\">pregunta 8 :<\/p>\n<p style=\"text-align: justify\">Rusia ha comenzando una intensa campa\u00f1a de bombardeos a\u00e9reos contra las principales posiciones de la oposici\u00f3n. Y ello ha constituido un punto de inflexi\u00f3n en el conflicto. algunos presumen que ustedes tienen la iniciativa ahora. \u00bf cree usted que habr\u00edan podido lograr esto sin la ayuda externa?<\/p>\n<p style=\"text-align: justify\">Se\u00f1or presidente:<\/p>\n<p style=\"text-align: justify\">Sin lugar a dudas, el respaldo ruso e iran\u00ed ha sido esencial para que nuestro ej\u00e9rcito logre este avance. Pero decir que no \u00e9ramos capaces de alcanzar este logro, es una pregunta virtual. Quiero decir que nadie puede tiene respuesta verdadera a esta Si, pero con toda certeza nosotros necesitamos esta ayuda y por una simple raz\u00f3n y es que existen ochenta pa\u00edses que respaldan con diferentes medios a aquellos terroristas\u2026 algunos de forma directa con dinero, respaldo log\u00edstico, armas o combatientes. Y otros pa\u00edses les ofrecen apoyo pol\u00edtico en los diferentes foros internacionales. Siria es un pa\u00eds peque\u00f1o y nosotros podemos combatir, pero en definitiva, existe un respaldo incondicional a aquellos terroristas y es obvio en esta situaci\u00f3n tengas la necesidad de un apoyo internacional. Pero otra vez, digo esta pregunta es virtual y nadie la puede responder.<\/p>\n<p style=\"text-align: justify\">Pregunta 9:<\/p>\n<p style=\"text-align: justify\">Con respecto a las incursiones a\u00e9rea rusas, \u00bfNo le preocupan las v\u00edctimas civiles? El lunes, fue bombardeado un hospital donde perdieron la vida cincuenta personas. Estados Unidos responsabiliz\u00f3 a Rusia del incidente.<\/p>\n<p style=\"text-align: justify\">Se\u00f1or presidente:<\/p>\n<p style=\"text-align: justify\">Algunos otros responsables estadounidense dijeron que no saben quien cometi\u00f3 el acto, eso lo que dijeron mas tarde. Estas declaraciones contradictorias, es algo com\u00fan en Estados Unidos, pero nadie posee un prueba que evidencia el autor de la acci\u00f3n y de c\u00f3mo ocurri\u00f3 la misma. Con respecto a las v\u00edctimas, pues este es un problema en toda guerra. Seguro que siento tristeza por la muerte de todo civil inocente en este conflicto, pero as\u00ed es la guerra. Las guerras son malas, no hay una guerra buena, porque siempre habr\u00e1 civiles y siempre habr\u00e1 inocentes que pagaran el precio.<\/p>\n<p style=\"text-align: justify\">Pregunta 10:<\/p>\n<p style=\"text-align: justify\">Entonces, \u00bfc\u00f3mo le explica a tu pueblo, a los sirios, que existe un ej\u00e9rcito extranjero que realiza operaciones y que han causado victimas civiles? Es algo inevitable?<\/p>\n<p>Se\u00f1or presidente:<\/p>\n<p style=\"text-align: justify\">No, no existe ning\u00fan prueba de que los rusos hayan atacado cualquier blanco civil. Ellos son muy precisos en sus ataques y ellos siempre atacan, todos los d\u00edas, bases y posiciones terroristas. En realidad, los norteamericanos son los que lo hicieron, ello y no los rusos, son los que asesinaron a numerosos civiles en la parte norte de Siria. quiero decir que hasta el momento no tan solo ocurri\u00f3 un solo incidente relacionado con los civiles, ya que los rusos no atacan a los civiles y sus ataques ocurren principalmente en zonas rurales.<\/p>\n<p style=\"text-align: justify\">Pregunta 11:<\/p>\n<p style=\"text-align: justify\">Hablando de ej\u00e9rcitos extranjeros, \u00bf como responder\u00e1n si Turqu\u00eda y Arabia Saudita, actuasen en base de sus declaraciones de que planean enviar tropas a su pa\u00eds, bajo la excusa de combatir al DAESH?<\/p>\n<p style=\"text-align: justify\">Respuesta 11:<\/p>\n<p style=\"text-align: justify\">Como dijo, es mera alegaci\u00f3n. Pero si ello ocurre, trataremos con ellos como mismo estamos tratando con los terroristas. Defenderemos a nuestro pa\u00eds. Semejante acci\u00f3n, constituye una agresi\u00f3n. Ellos no tienen ning\u00fan derecho de intervenir en siria, pol\u00edtica o militarmente. Es un violaci\u00f3n a la ley internacional y para nosotros como ciudadanos sirios, nuestra \u00fanica opci\u00f3n es luchar y defender a nuestra patria.<\/p>\n<p style=\"text-align: justify\">Pregunta 12:<\/p>\n<p style=\"text-align: justify\">Turqu\u00eda ha comenzado a bombardear zonas sirias desde su territorio.<\/p>\n<p style=\"text-align: justify\">Se\u00f1or presidente:<\/p>\n<p style=\"text-align: justify\">Efectivamente y antes de del bombardeo, Turqu\u00eda enviaba terroristas y por consiguiente esta trabajando para alcanzar el mismo objetivo y deja el mismo efecto con diferentes medios. Turqu\u00eda esta implicada en los acontecimientos en Siria desde el inicio.<\/p>\n<p style=\"text-align: justify\">Pregunta 13:<\/p>\n<p style=\"text-align: justify\">Arabia Saudita intent\u00f3 unir a la oposici\u00f3n en una conferencia que se celebr\u00f3 en Riad. Algunas personas vinculadas a Al-Qaeda estaban presentes en las reuniones. \u00bf ustedes reconocen a cualquier grupo de la oposici\u00f3n armada, en el marco general de la oposici\u00f3n, como parte que goza de la legitimidad y que puedan negociar con ella?<\/p>\n<p style=\"text-align: justify\">Se\u00f1or presidente:<\/p>\n<p style=\"text-align: justify\">\u00bfSe refiere a los grupos que combaten en el terrenos?<\/p>\n<p style=\"text-align: justify\">Pregunta 14:<\/p>\n<p style=\"text-align: justify\">Si.<\/p>\n<p style=\"text-align: justify\">Se\u00f1or presidente:<\/p>\n<p style=\"text-align: justify\">No. Desde los puntos de vista, legal y constitucional, todo el que porta arma contra el pueblo y contra el gobierno, es terrorista, ya sea en su pa\u00eds o nuestro pa\u00eds o cualquier otro pa\u00eds del mundo. No podemos decir que aquellos gozan de la legitimidad. Pueden ser leg\u00edtimos cuando depongan las armas y se incorporen al proceso pol\u00edtico. Esta es la \u00fanica v\u00eda en cualquier pa\u00eds para la reconstrucci\u00f3n o para cualquier cambio que quieras realizar, ya sea la ley, la constituci\u00f3n o el gobierno, cualquier cosa. Es posible hacer esto mediante un<br \/>\nproceso pol\u00edtico y no a punto de arma.<\/p>\n<p style=\"text-align: justify\">Pregunta 15:<\/p>\n<p style=\"text-align: justify\">Entonces, \u00bfusted consideran a todos aquellos que combaten como terroristas?<\/p>\n<p style=\"text-align: justify\">Se\u00f1or presidente:<\/p>\n<p style=\"text-align: justify\">Siempre y cuando no anuncian que est\u00e1n dispuestos a incorporarse al proceso pol\u00edtico. Cuando entonces \u00fanicamente no tenemos problema con ellos.<\/p>\n<p style=\"text-align: justify\">Pregunta 16:<\/p>\n<p style=\"text-align: justify\">Con respecto a los combatientes, sin tener en cuenta sus intenciones, si renuncian las armas y quieren volver, pueden hacerlo?<\/p>\n<p style=\"text-align: justify\">Se\u00f1or presidente:<\/p>\n<p style=\"text-align: justify\">Le otorgaremos amnist\u00eda, y ello realmente ocurri\u00f3 en los \u00faltimos dos a\u00f1os y se ha acelerado \u00faltimamente. Muchos de ellos depusieron las armas y algunos se incorporaron a las filas del ej\u00e9rcito sirio y actualmente combaten al DAESH y reciben apoyo del ej\u00e9rcito sirio y los cazas rusos.<\/p>\n<p style=\"text-align: justify\">Pregunta 17:<\/p>\n<p style=\"text-align: justify\">Entonces, si el caso como usted explic\u00f3 y que aquellos que se levantaron en armas contra el gobierno son todos terroristas, \u00bfcon quien exactamente negocian en Ginebra?<\/p>\n<p style=\"text-align: justify\">Se\u00f1or presidente:<\/p>\n<p style=\"text-align: justify\">Estamos hablando de Ginebra 3 que ha fracasado\u2026 En Ginebra se supon\u00eda que habr\u00e1 una mescla de terroristas y extremistas o de sus patrocinadores y que se ha formado en Arabia Saudita y algunos de ellos pertenecen a Al-Qaeda y otra parte de independientes o otros opositores que viven en el exilio o dentro de Siria y por consiguiente podemos negociar con la otra parte, con los sirios patri\u00f3ticos vinculados con su pa\u00eds, pero sin lugar a dudas no<br \/>\npodemos negociar con los terroristas y por ello fracas\u00f3 la conferencia.<\/p>\n<p style=\"text-align: justify\"><a href=\"http:\/\/www.sana.sy\/es\/?attachment_id=38885\" rel=\"attachment wp-att-38885\"><img loading=\"lazy\" decoding=\"async\" class=\"alignnone size-medium wp-image-38885\" src=\"http:\/\/www.sana.sy\/es\/wp-content\/uploads\/2016\/02\/2300-300x148-300x148.jpg\" alt=\"2300-300x148\" width=\"300\" height=\"148\" srcset=\"https:\/\/archive.sana.sy\/es\/wp-content\/uploads\/2016\/02\/2300-300x148.jpg 300w, https:\/\/archive.sana.sy\/es\/wp-content\/uploads\/2016\/02\/2300-300x148-150x74.jpg 150w\" sizes=\"(max-width: 300px) 100vw, 300px\" \/><\/a><\/p>\n<p style=\"text-align: justify\">Pregunta 18:<\/p>\n<p style=\"text-align: justify\">\u00bfy que dice usted de los lideres de los activistas de la oposici\u00f3n que est\u00e1n presos desde antes del estallido del conflicto en el 2011?<\/p>\n<p style=\"text-align: justify\">Se\u00f1or presidente:<\/p>\n<p style=\"text-align: justify\">Todos ellos salieron desde hace mucho tiempo de la c\u00e1rcel y la gran mayor\u00eda de ellos ya son parte de la oposici\u00f3n.<\/p>\n<p style=\"text-align: justify\">Pregunta 19:<\/p>\n<p style=\"text-align: justify\">Todos?<\/p>\n<p style=\"text-align: justify\">Se\u00f1or presidente:<\/p>\n<p style=\"text-align: justify\">Todos. Ya no tenemos a nadie de ellos. Todos salieron antes del 2010, incluidos algunos terroristas que hab\u00edan sido sentenciados a varios a\u00f1os de presi\u00f3n, digamos por ejemplo cinco a\u00f1os o algo semejante, y cumplieron la sentencia y salieron y cuando comenz\u00f3 la crisis se incorporaron de nuevo a los grupos terroristas.<\/p>\n<p style=\"text-align: justify\">Pregunta 20:<\/p>\n<p style=\"text-align: justify\">\u00bfposee usted prueba de ello?<\/p>\n<p style=\"text-align: justify\">Se\u00f1or presidente:<\/p>\n<p style=\"text-align: justify\">Si, seguro. Uno de ellos es aquel que fue ultimado \u00faltimamente, Zahran Aloush. Fue sentenciado a presi\u00f3n por varios a\u00f1os porque estaba vinculado con Al-Qaeda\u2026 y cuando comenz\u00f3 la crisis, form\u00f3 su propio grupo terrorista y es uno de los cuatro grupos que he mencionado y que consideramos terroristas.<\/p>\n<p style=\"text-align: justify\">Pregunta 21:<\/p>\n<p style=\"text-align: justify\">Algunos presumen que hay 35 mil yihadistas extranjeros, entre ellos 4000 que procedieron de Europa. El gobierno espa\u00f1ol declar\u00f3 que alrededor de 300 personas portan pasaportes espa\u00f1oles. \u00bfqu\u00e9 pasar\u00e1 con aquellos si caen en mano del ej\u00e9rcito sirio?<\/p>\n<p style=\"text-align: justify\">Se\u00f1or presidente:<\/p>\n<p style=\"text-align: justify\">Los espa\u00f1oles?<\/p>\n<p style=\"text-align: justify\">Pregunta 22:<\/p>\n<p style=\"text-align: justify\">Los yihadistas extranjeros en general.<\/p>\n<p style=\"text-align: justify\">Se\u00f1or presidente:<\/p>\n<p style=\"text-align: justify\">Primero, nosotros tratamos con ellos como mismo tratamos con los dem\u00e1s terroristas. desde el punto de vista legal, no hay diferenciaci\u00f3n en base de las nacionalidades, pero si estas hablando sobre extraditarlos a sus pa\u00edses o gobiernos, pues ello ocurre a trav\u00e9s de las relaciones entre las instituciones de ambos pa\u00edses.<\/p>\n<p style=\"text-align: justify\">Pregunta 23:<\/p>\n<p style=\"text-align: justify\">En este contexto, \u00bf desde su punto de vista, que es lo que atrae a este gran n\u00famero de extranjeros a Siria?<\/p>\n<p style=\"text-align: justify\">Se\u00f1or presidente:<\/p>\n<p style=\"text-align: justify\">B\u00e1sicamente, el respaldo que reciben. Ellos reciben un verdadero respaldo externo. Arabia Saudita es el principal financiador de aquellos terroristas. lo ponen en aviones y los env\u00edan a Turqu\u00eda y de ah\u00ed a Siria. el otro factor de atracci\u00f3n radica en el caos, ya que el caos constituye un terreno f\u00e9rtil para los terroristas. el tercer factor es la idololog\u00eda, porque ellos pertenecen a Al-Qaeda. Esta zona en nuestra cultura religiosa, la cultura del Islam, ocupa una posici\u00f3n destacada despu\u00e9s de La Meca y Al-Quds y los dem\u00e1s sitios sagrados. Ellos creen que pueden venir aqu\u00ed para establecer su estado y seguro van expandirse a otras zonas mas tarde. Pero la idea es que ellos pueden venir, combatir y morir por Allah y el Islam, para ellos esto es la Yihad.<\/p>\n<p style=\"text-align: justify\">Pregunta 24:<\/p>\n<p style=\"text-align: justify\">Con respecto a lo que ocurrir\u00e1 si el gobierno sirio imponga su control en todo el territorio sirio, \u00bfdar\u00e1 usted inicio a un proceso pol\u00edtico? \u00bfestar\u00eda usted dispuesto a ir a las elecciones otra vez? \u00bfqu\u00e9 es lo que estar\u00eda usted dispuesto a hacer?<\/p>\n<p style=\"text-align: justify\">Se\u00f1or presidente:<\/p>\n<p style=\"text-align: justify\">Lo mas natural, primero, es la formaci\u00f3n de un gobierno de unidad nacional que integra a todas las corrientes pol\u00edticas que desean formar parte del mismo. Este gobierno debe preparar las condiciones para la elaboraci\u00f3n de una nueva constituci\u00f3n, porque si quieres hablar del futuro de Siria y debatirlo con los diferentes partidos, y discutir la forma de solucionar el problema interno, debes debatir la constituci\u00f3n, y me refiero a que si quieres cambiarla a o conservarla o cambiar todo el sistema pol\u00edtico, de modo que todo ello depende de la constituci\u00f3n. Y sin lugar a dudas la constituci\u00f3n debe ser sometida a un refer\u00e9ndum popular. Y en funci\u00f3n de la nueva constituci\u00f3n se debe realizar elecciones anticipadas, si el pueblo o los diferentes partidos quieren realizar elecciones, se realizar\u00e1n. Por ende, lo que tiene que ver con solucionar la parte pol\u00edtica del problema, no tiene nada que ver con mi opini\u00f3n personal.<\/p>\n<p style=\"text-align: justify\">Pregunta 25:<\/p>\n<p style=\"text-align: justify\">\u00bfDonde ve usted a si mismo despu\u00e9s de 10 a\u00f1os?<\/p>\n<p style=\"text-align: justify\">Se\u00f1or presidente:<\/p>\n<p style=\"text-align: justify\">Lo mas importante es como veo a mis pa\u00eds, porque soy parte de mi pa\u00eds. por consiguiente, despu\u00e9s de 10 a\u00f1os quiero como presidente, haber sido capaz de salvar a Siria, pero ello no significa que seguir\u00e9 siendo presidente despu\u00e9s de 10 a\u00f1os. Estoy hablando de mi visi\u00f3n sobre este periodo. Siria estar\u00e1 bien y yo ser\u00e9 la persona que salv\u00f3 a su pa\u00eds. este es mi trabajo ahora y este es mi deber. Entones as\u00ed me veo a mi mismo con respecto a lo referente al cargo y a mi persona como ciudadano sirio.<\/p>\n<p style=\"text-align: justify\">Pregunta 26:<\/p>\n<p style=\"text-align: justify\">\u00bfEstar\u00e1 usted en el poder despu\u00e9s de 10 a\u00f1os?<\/p>\n<p style=\"text-align: justify\">Se\u00f1or presidente:<\/p>\n<p style=\"text-align: justify\">Este no es mi objetivo. A mi no me interesa mi presencia en el poder. Para mi si el pueblo sirio quiere que este en el poder, entonces estar\u00e9 y si no quiere, entonces no estar\u00e9. Quiero decir si no puedo ayudar a mi pa\u00eds, entonces debo ir de inmediato.<\/p>\n<p style=\"text-align: justify\">Pregunta 27:<\/p>\n<p style=\"text-align: justify\">Perm\u00edtame citar una parte del informe del consejo de derechos humanos de naciones unidas, publicado el pasado 13 de febrero diciendo: algunos detenidos por parte del gobierno fueron golpeados hasta la muerte o se murieron a ra\u00edz de las heridas que sufrieron durante la tortura. Fin de la cita. Dicen que crimines de guerra se han cometido. Como responde a esto?<\/p>\n<p style=\"text-align: justify\">Se\u00f1or presidente:<\/p>\n<p style=\"text-align: justify\">Ello se basa en la que ha hecho Qatar desde hace un a\u00f1o o un poco mas, cuando falsific\u00f3 un informe integrado por im\u00e1genes no verificada su autenticidad, de personas que sufrieron lesiones, bas\u00e1ndose en informaciones de fuentes, tampoco verificada su autenticidad. Y luego envi\u00f3 el reporte a Naciones Unidas. Esto es parte de la manipulaci\u00f3n medi\u00e1tica ejercida contra Siria. Este es el problema, occidente y su campa\u00f1a medi\u00e1tica. Ellos emplean informaciones no verificadas para acusar a Siria y responsabilizarla y luego adoptar medidas en su contra.<\/p>\n<p style=\"text-align: justify\">Pregunta 29:<\/p>\n<p style=\"text-align: justify\">Usted ha mencionado que algunos de aquellos refugiados huyen del DAESH, pero algunos aseguran que huyen del gobierno o de las campa\u00f1as que realiza el gobierno en algunas zonas sirias.<\/p>\n<p style=\"text-align: justify\">Se\u00f1or presidente:<\/p>\n<p style=\"text-align: justify\">Podr\u00eda darte hechos que contradicen esto y que la puedes estando aqu\u00ed en Siria, y es que la mayor\u00eda de las personas que viven en la zona bajo control de los terroristas, se han desplazado a zonas bajo control del gobierno. Entonces, Si han querido huir del gobierno, \u00bfpor qu\u00e9 vienen al gobierno? Pero cuando hay una batalla, tiroteo o enfrentamientos entre el gobierno y los terroristas en determinadas zonas, es natural que la mayor\u00eda de sus habitantes se dirigen a otras zonas, pero ello no significa que est\u00e1n huyendo del gobierno. Algunas familias que se desplazaron a las zonas bajo control del gobierno, en realidad son familias de los propios terroristas.<\/p>\n<p style=\"text-align: justify\">Pregunta 30:<\/p>\n<p style=\"text-align: justify\">Seg\u00fan estimaciones internacionales, alrededor de cinco millones de refugiados, huyeron de Siria y de ellos un mill\u00f3n se fueron a Europa. \u00bf cuales son las garant\u00edas que podr\u00eda usted otorgar a esta gente para que puedan volver con toda libertad y sin miedo de cualquier tipo de represalia?<\/p>\n<p style=\"text-align: justify\">Se\u00f1or presidente:<\/p>\n<p style=\"text-align: justify\">Con toda certeza, pueden volver. Es su derecho retornar, siempre y cuando no sea una persona terrorista o asesina. Creo que gran n\u00famero de ellos son partidarios del gobierno y no han ido huyendo del mismo, pero como he dicho, las condiciones de vida se han deteriorado mucho en los \u00faltimos cinco a\u00f1os. Entonces sin lugar a dudas, pueden retornar sin que el gobierno adopte cualquier tipo de medidas en su contra. Nosotros queremos que la gente vuelva a Siria.<\/p>\n<p style=\"text-align: justify\">Pregunta 31:<\/p>\n<p style=\"text-align: justify\">\u00bf que es lo que el gobierno sirio puede hacer para detener el flujo de los refugiados, que ha provocado el hundimiento de algunas personas en el Mediterr\u00e1neo?<\/p>\n<p style=\"text-align: justify\">Se\u00f1or presidente:<\/p>\n<p style=\"text-align: justify\">Como hab\u00eda dicho, el asunto no depende \u00fanicamente de Siria, sino tambi\u00e9n de otros pa\u00edses del mundo. Primero, Europa debe levantar el bloqueo impuesto al pueblo sirio, porque en realidad no esta bloqueando al gobierno, sino al pueblo sirio. segundo, Turqu\u00eda debe detener el env\u00edo de terroristas a Siria. Tercero, nosotros como gobierno, sin lugar a dudas, debemos combatir a los terroristas y debemos mejorar las condiciones de vida de los ciudadanos con todos los medios a nuestro alcance para estimular a la gente a quedarse en su pa\u00eds. estoy seguro que la mayor\u00eda de ellos quieren volver a Siria. pero como dije, en definitiva, se deben garantizar los requerimientos baciscos, o los mas elementales de la vida.<\/p>\n<p style=\"text-align: justify\">Pregunta 32:<\/p>\n<p style=\"text-align: justify\">Cuando usted lleg\u00f3 al poder, prometi\u00f3 realizar reformas democr\u00e1ticas, aquella \u00e9poca que se ha dominado como La primavera de Damasco, o ll\u00e1mala como quiera usted. Algunos presumen si hab\u00eda realizado aquellas reformas con mas rapidez, hubiera sido salvar la vida de muchos. Principalmente la oposici\u00f3n o Estados Unidos, alegan si hubiera abandonado el poder, habr\u00eda salvado la vida de mucho. \u00bfqu\u00e9 tiene que decir a esto?<\/p>\n<p style=\"text-align: justify\">Se\u00f1or presidente:<\/p>\n<p style=\"text-align: justify\">La pregunta es: \u00bfcu\u00e1l es la relaci\u00f3n entre lo que has mencionado y con el env\u00edo de dinero por parte de Qatar, el env\u00edo de armas y el respaldo directo a los terroristas? \u00bfcu\u00e1l es la relaci\u00f3n entre esto y el papel de Turqu\u00eda en el respaldo a los terroristas? \u00bfcu\u00e1l es la relaci\u00f3n de ello con la presencia del DAESH y Al-Nusra en Siria? . Entonces la relaci\u00f3n no es correcta. Si quieres cambiar el presidente o el presidente del gobierno, en cualquier r\u00e9gimen, ya sea en tu pa\u00eds o cualquier otro pa\u00eds, debes hacerlo mediante un proceso pol\u00edtico. No puedes utilizar las armas. El uso de las armas no puede ser la v\u00eda para cambiar el r\u00e9gimen o establecer la democracia. La democracia no se logra a punto de armas y la experiencia de Estados Unidos en Irak, lo demuestra. El mismo caso ocurre en Yemen. El presidente Saleh, abandon\u00f3 el poder debido a las mismas alegaciones. \u00bfqu\u00e9 ha ocurrido en Yemen? \u00bfa caso esta mejor ahora? Esto no es correcto y no existe ninguna relaci\u00f3n. Podemos lograr la democracia mediante el di\u00e1logo y al mismo tiempo mediante elevar el nivel de la sociedad hacia la democracia, para alcanzar la democracia. La verdadera democracia, como una base, debe establecerse en base de la propia sociedad. Como podemos aceptar el uno al otro. Esta zona es un crisol que integra a las diferentes etnias, sectas y religiones. \u00bfComo pueden aquellos aceptarse el uno al otro? Cuando logren hacerlo, entonces podr\u00edan aceptarse el uno al otro pol\u00edticamente y cuando entonces alcanzas la verdadera democracia. Entonces el asunto no depende del presidente. Han intentado personalizar el problema, solamente para demostrar que es un simple problema y que si el presidente abandone el poder, entonces todo marchar\u00e1 bien. Nadie puede aceptar esta visi\u00f3n.<\/p>\n<p style=\"text-align: justify\">Pregunta 33:<\/p>\n<p style=\"text-align: justify\">Durante estos cinco a\u00f1os, desde el inicio de la crisis y luego que se han destruido varios sitios arqueol\u00f3gicos y mucha gente perdi\u00f3 la vida, \u00bf usted habr\u00eda hecho cualquier cosa de forma diferente?<\/p>\n<p style=\"text-align: justify\">Se\u00f1or presidente:<\/p>\n<p style=\"text-align: justify\">En general, si queremos hablar sobre los principios, pues hab\u00edamos dicho desde el principio que combatiremos al terrorismo y entabl\u00e1remos el dialogo. Hemos comenzado el di\u00e1logo con todos, exceptuando los grupos terroristas. al mismo tiempo, le hemos permitido a los terroristas y le hemos abierto la puerta, si quieren deponer las armas y recuperar su vida normal, pues le hemos ofrecido amnist\u00eda general.<\/p>\n<p style=\"text-align: justify\">Entonces, este es el principio de la soluci\u00f3n integral. Ahora y despu\u00e9s de cinco a\u00f1os, no puedo decir que ello ha sido un error, y no creo que vamos a cambiar estos principios. Pero la aplicaci\u00f3n de la pol\u00edtica, defiere en algunos casos, porque ello depende de diferentes responsables, diferentes instituciones y diferentes personas. Cualquier persona puede cometer errores, ello puede ocurrir. Entonces si queremos cambiar algo, si podr\u00edamos cambiar aquellos errores en las diferentes partes, lo habr\u00edamos hecho. Esto si podemos retroceder las agujas del reloj.<\/p>\n<p>Pregunta 34:<\/p>\n<p style=\"text-align: justify\">Entonces, desde su punto de vista, desde el inicio, aquellas protestas que salieron en Daraa y Damasco y desde el inicio, consideraron a los participantes en las mismas como terroristas, es decir fueron infiltrados por parte de fuerzas extranjeras. \u00bfc\u00f3mo vio usted aquellas protestas contra el gobierno?<\/p>\n<p style=\"text-align: justify\">Se\u00f1or presidente:<\/p>\n<p style=\"text-align: justify\">Al principio hab\u00eda una mezcla de manifestantes. Primero Qatar ha pagado dinero a los protestantes para sacarlos en la pantalla de Al-Yazeera y luego convencer a la opini\u00f3n publica mundial de que la gente salieron en una revoluci\u00f3n contra el presidente. El m\u00e1ximo n\u00famero que alcanzaron aquellos era 140 mil protestantes e toda Siria y esto es un n\u00famero peque\u00f1o en comparaci\u00f3n con el n\u00famero de habitantes de Siria. y por ello no hemos sentido preocupaci\u00f3n. Infiltraron a los manifestantes con armados que abrieron fuego contra la polic\u00eda y contra los manifestantes para que salgan mas protestas. Cuando fracasaron, comenzaron a enviar armas para apoyar a los terroristas. pero \u00bfhab\u00eda manifestantes que salieron en manifestaciones pacificas, exigiendo cambio? Seguro, aquellos existieron pero no todos. Entonces no podemos decir que todos eran verdaderos manifestantes y no podemos decir que todos eran terroristas.<\/p>\n<p style=\"text-align: justify\">Pregunta 35:<\/p>\n<p style=\"text-align: justify\">Usted visit\u00f3 a Espa\u00f1a dos veces y los presidentes de gobierno, Jos\u00e9 Mar\u00eda Aznar y Jos\u00e9 Luis Rodr\u00edguez Zapatero, visitaron tambi\u00e9n a Siria cuando estaban en el cargo. \u00bfc\u00f3mo ve sus relaciones con Espa\u00f1a desde entonces?<\/p>\n<p style=\"text-align: justify\">Se\u00f1or presidente:<\/p>\n<p style=\"text-align: justify\">Espa\u00f1a en general esta en contra de cualquier soluci\u00f3n aventurera en Siria. Es algo que valoramos. No han apoyado ninguna acci\u00f3n armada contra Siria y anunciaron que ello complicar\u00e1 aun mas la situaci\u00f3n. No hablaron sobre derrocar el presidente o de intervenir en nuestros asuntos nacionales. Dijeron que todo debe ocurrir en base de una soluci\u00f3n pol\u00edtica y mediante un proceso pol\u00edtico. Esto es muy bueno. Pero al mismo tiempo, Espa\u00f1a es parte de la Uni\u00f3n Europea y ello la compromete con las decisiones de la uni\u00f3n. Esperemos de Espa\u00f1a que juegue un papel en hacer llegar el mismo mensaje y transmitir nuestra visi\u00f3n pol\u00edtica a la Uni\u00f3n Europea del conflicto en Siria.<\/p>\n<p style=\"text-align: justify\">Pregunta 36:<\/p>\n<p style=\"text-align: justify\">En Am\u00e9rica Latina, \u00bfEn su opini\u00f3n, d\u00f3nde gozan del mayor respaldo?<\/p>\n<p style=\"text-align: justify\">Se\u00f1or presidente:<\/p>\n<p style=\"text-align: justify\">En general, y es algo extra\u00f1o y lamentable a la vez, aquellos pa\u00edses muy lejos de Siria, poseen una visi\u00f3n mucho mas realista de lo que ocurre en Siria de los europeos, que son mas cercanos en distancia, donde estamos considerados como el bateo trasero de Europa. Estoy hablando a nivel oficial y popular a la vez. Ellos conocen mucho mas y respaldan a Siria en todos los foros internacionales y no han cambiado su postura desde el inicio de la crisis.<\/p>\n<p style=\"text-align: justify\">Pregunta 37:<\/p>\n<p style=\"text-align: justify\">En Brasil esta la comunidad siria mas grande en el exterior. \u00bfc\u00f3mo era su relaci\u00f3n con el gobierno brasile\u00f1o?<\/p>\n<p style=\"text-align: justify\">Se\u00f1or presidente:<\/p>\n<p style=\"text-align: justify\">Tenemos relaciones normales con ellos, como mismo la tenemos con Argentina, Venezuela, Cuba y todos los pa\u00edses de Am\u00e9rica Latina. Nuestras relaciones no han cambiado debido a la crisis y ellos conciben cada vez mas la situaci\u00f3n y respaldan cada vez mas a Siria. ello contradice la postura europea.<\/p>\n<p style=\"text-align: justify\">Periodista:<\/p>\n<p style=\"text-align: justify\">Muchas gracias.<\/p>\n<p style=\"text-align: justify\">Se\u00f1or presidente:<\/p>\n<p style=\"text-align: justify\">Gracias a usted.<\/p>\n<p style=\"text-align: justify\">Hisham. Wannous., M. Miri.<\/p>\n","protected":false},"excerpt":{"rendered":"<p>Damasco, SANA\u2013 El Presidente Bashar al-Assad, concedi\u00f3 una entrevista a diario espa\u00f1ol El Pa\u00eds. Los ejes de la entrevista se centraron sobre los \u00faltimos acontecimientos en Siria y en la regi\u00f3n. pregunta 1: \u00faltimamente ustedes permitieron la introducci\u00f3n de la ayuda humanitaria en siete zonas asediadas. Algunos presumen que en dichas zonas habitan no menos &hellip;<\/p>\n","protected":false},"author":1,"featured_media":38884,"comment_status":"closed","ping_status":"closed","sticky":false,"template":"","format":"standard","meta":{"footnotes":""},"categories":[477,476,583,7541],"tags":[8076],"class_list":["post-38883","post","type-post","status-publish","format-standard","has-post-thumbnail","","category-noticias-edulcorantes","category-locales","category-slide","category-ultimas-noticias","tag-entrevista-del-senor-presidente-bashar-al-assad-con-el-diario-espanol-el-pais"],"_links":{"self":[{"href":"https:\/\/archive.sana.sy\/es\/index.php?rest_route=\/wp\/v2\/posts\/38883"}],"collection":[{"href":"https:\/\/archive.sana.sy\/es\/index.php?rest_route=\/wp\/v2\/posts"}],"about":[{"href":"https:\/\/archive.sana.sy\/es\/index.php?rest_route=\/wp\/v2\/types\/post"}],"author":[{"embeddable":true,"href":"https:\/\/archive.sana.sy\/es\/index.php?rest_route=\/wp\/v2\/users\/1"}],"replies":[{"embeddable":true,"href":"https:\/\/archive.sana.sy\/es\/index.php?rest_route=%2Fwp%2Fv2%2Fcomments&post=38883"}],"version-history":[{"count":0,"href":"https:\/\/archive.sana.sy\/es\/index.php?rest_route=\/wp\/v2\/posts\/38883\/revisions"}],"wp:featuredmedia":[{"embeddable":true,"href":"https:\/\/archive.sana.sy\/es\/index.php?rest_route=\/wp\/v2\/media\/38884"}],"wp:attachment":[{"href":"https:\/\/archive.sana.sy\/es\/index.php?rest_route=%2Fwp%2Fv2%2Fmedia&parent=38883"}],"wp:term":[{"taxonomy":"category","embeddable":true,"href":"https:\/\/archive.sana.sy\/es\/index.php?rest_route=%2Fwp%2Fv2%2Fcategories&post=38883"},{"taxonomy":"post_tag","embeddable":true,"href":"https:\/\/archive.sana.sy\/es\/index.php?rest_route=%2Fwp%2Fv2%2Ftags&post=38883"}],"curies":[{"name":"wp","href":"https:\/\/api.w.org\/{rel}","templated":true}]}}