{"id":38888,"date":"2016-02-21T15:12:19","date_gmt":"2016-02-21T13:12:19","guid":{"rendered":"http:\/\/www.sana.sy\/es\/?p=38888"},"modified":"2016-02-21T21:09:19","modified_gmt":"2016-02-21T19:09:19","slug":"32-martires-tras-un-atentado-con-dos-coches-bombas-en-homs","status":"publish","type":"post","link":"https:\/\/archive.sana.sy\/es\/?p=38888","title":{"rendered":"39 m\u00e1rtires tras un atentado con dos coches bombas en Homs"},"content":{"rendered":"<p style=\"text-align: justify\"><span style=\"color: #800000\">Homs, Damasco, SANA<\/span><\/p>\n<p>Se ha elevado a 39, el n\u00famero de las v\u00edctimas mortales por el doble atentado terrorista con coche bomba que azot\u00f3 esta ma\u00f1ana la calle de al-Sitin en la ciudad central de Homs.<\/p>\n<p>El gobernador de Homs, Talal al-Barazi se\u00f1al\u00f3 que el balance primario del doble atentado terrorista era 14 m\u00e1rtires y al menos 39 heridos, sin embargo ha ascendido a 34\u00a0v\u00edctimas mortales y luego a 39 despu\u00e9s de que algunos heridos perdieran la vida.<\/p>\n<p>Este balance podr\u00eda aumentar m\u00e1s debido a que hay numerosos heridos de gravedad, aclar\u00f3 el Gobernador de la provincia central.<\/p>\n<p>Cabe se\u00f1alar que la organizaci\u00f3n terrorista del DAESH se ha atribuido las dos\u00a0explosiones.<\/p>\n<p>Anteriormente, el Gobernador de Homs inform\u00f3 que terrorista detonaron esta ma\u00f1ana de forma sucesiva dos veh\u00edculos cargados de grandes cantidades de explosivos cerca de la entrada del barrio de al-Arman en la calle principal de Homs \u201cal-Sitin\u201d.<\/p>\n<p>Al-Barazi resalt\u00f3 que los repetidos atentados terroristas que sufre la ciudad de Homs, apuntan contra \u201cel frente interior fuerte\u201d que apoya al ej\u00e9rcito sirio en sus operativos en diferentes lugares, exigiendo al Consejo de Seguridad de la ONU y los pa\u00edses que finjan luchar contra el terrorismo a denunciar este acto terrorista contra los civiles.<\/p>\n<p>Asimismo responsabiliz\u00f3 a algunos pa\u00edses occidentales y \u00e1rabes que brindan apoyo log\u00edstico a los terroristas y facilitan su infiltraci\u00f3n mediante sus fronteras, con estos cr\u00edmenes y atentados terroristas.<\/p>\n<p>A todo ello, el reportero de SANA inform\u00f3 que el doble atentado terrorista caus\u00f3 significativos da\u00f1os materiales en los edificios y en decenas de autobuses, siendo el lugar blanco una estaci\u00f3n principal para los autobuses.<\/p>\n<p>Cabe recordar que la calle de al-Sitin hab\u00eda sido blanco el 26 del pasado mes de un atentado similar que se cobr\u00f3 la vida de 19 personas y dej\u00f3 al menos 100 heridos.<\/p>\n<p><span style=\"color: #0000ff\">La Asamblea del Pueblo: el silencio internacional es c\u00f3mplice<\/span><\/p>\n<p>Por su parte la Asamblea del Pueblo conden\u00f3 el doble atentado que sacudi\u00f3 la Calle 60 en Homs y carg\u00f3 con la responsabilidad moral y legal a los pa\u00edses que apoyan a las organizaciones terroristas en Siria, principalmente Arabia Saudita y Turqu\u00eda, a\u00f1\u00e1dale que tales cr\u00edmenes se repiten en medio de un silencio internacional ensordecedor que delata complicidad.<\/p>\n<p>En un comunicado, la Asamblea subray\u00f3 que \u201cestos atentados coinciden con la propuesta de cesar las hostilidades en Siria lo cual comprueba la banalidad de semejante planteamiento porque los terroristas y sus apoyos no respetan ninguna regla\u2026 por tanto no hay otra soluci\u00f3n m\u00e1s que en campo batalla\u2026\u201d.<\/p>\n<p>\u201cEl estado sirio ha demostrado una alta credibilidad en cuanto a abrir la puerta de las reconciliaciones con todo aqu\u00e9l que desea volver al seno de la patria, y Homs ha quedado libre de terrorismo lo cual molest\u00f3 a los enemigos de Siria quienes ordenaran a sus brazos terroristas de sabotear la atm\u00f3sfera reconciliadora en Homs por medio de coches bomba y atacantes suicidas\u201d agreg\u00f3 el comunicado.<\/p>\n<p>La Asamblea concluy\u00f3 su mensaje rezando por la paz de los ca\u00eddos y la pronta recuperaci\u00f3n de los heridos.<\/p>\n<p style=\"text-align: justify\"><span style=\"color: #0000ff\">El Gabinete condena el atentado terrorista en la ciudad de Homs<\/span><\/p>\n<p style=\"text-align: justify\">El Consejo de Ministros conden\u00f3 el doble atentado terrorista que tuvo lugar hoy en la calle de al-Seteen en la ciudad de Homs.<\/p>\n<p style=\"text-align: justify\">El primer ministro el Dr. Wael Al Halaqui afirm\u00f3 en una declaraci\u00f3n a SANA que las explosiones tuvieron por blanco a los ciudadanos y estudiantes y colegios, se\u00f1alado que estos atentados no intimidar\u00e1n al pueblo sirio.<\/p>\n<p style=\"text-align: justify\">Al Halaqui\u00a0 responsabiliz\u00f3 por estas masacres brutales a los pa\u00edses que apoyan al terrorismo, y pidi\u00f3 al mundo y a las organizaciones internacionales que pongan l\u00edmite a estos pa\u00edses que apoyan el terrorismo.<\/p>\n<p><span style=\"color: #0000ff\">Al-Zoabi: el doble atentado terrorista en Homs vino como reacci\u00f3n ante las aplastantes derrotas sufridas por los terroristas<\/span><\/p>\n<p>El ministro de Informaci\u00f3n, Omr\u00e1n al-Zoabi, conden\u00f3 el doble atentado ocurrido en la Calle 60 en la ciudad de Homs, el cual produjo varios m\u00e1rtires y heridos.<\/p>\n<p>En una llamada telef\u00f3nica con la Televisi\u00f3n \u00c1rabe Siria, al-Zoabi afirm\u00f3 que esas acciones cobardes que tienen por blanco la ciudad de Homs y otras zonas vino como reacci\u00f3n ante las aplastantes derrotas sufridas por los terroristas.<\/p>\n<p>El ministro ensalz\u00f3 la firmeza de los habitantes de la ciudad de Homs \u2013y de todo el pueblo sirio- frente al terrorismo y expres\u00f3 sus condolencias a las familias de los m\u00e1rtires y dese\u00f3 una pronta recuperaci\u00f3n a los heridos.<\/p>\n<div id='gallery-1' class='gallery galleryid-38888 gallery-columns-3 gallery-size-thumbnail'><figure class='gallery-item'>\n\t\t\t<div class='gallery-icon landscape'>\n\t\t\t\t<a href='https:\/\/archive.sana.sy\/es\/wp-content\/uploads\/2016\/02\/atentado-al-Sitin-2.jpg'><img loading=\"lazy\" decoding=\"async\" width=\"150\" height=\"113\" src=\"https:\/\/archive.sana.sy\/es\/wp-content\/uploads\/2016\/02\/atentado-al-Sitin-2-150x113.jpg\" class=\"attachment-thumbnail size-thumbnail\" alt=\"\" srcset=\"https:\/\/archive.sana.sy\/es\/wp-content\/uploads\/2016\/02\/atentado-al-Sitin-2-150x113.jpg 150w, https:\/\/archive.sana.sy\/es\/wp-content\/uploads\/2016\/02\/atentado-al-Sitin-2-300x225.jpg 300w, https:\/\/archive.sana.sy\/es\/wp-content\/uploads\/2016\/02\/atentado-al-Sitin-2.jpg 500w\" sizes=\"(max-width: 150px) 100vw, 150px\" \/><\/a>\n\t\t\t<\/div><\/figure><figure class='gallery-item'>\n\t\t\t<div class='gallery-icon landscape'>\n\t\t\t\t<a href='https:\/\/archive.sana.sy\/es\/wp-content\/uploads\/2016\/02\/atentado-al-Sitin-1.jpg'><img loading=\"lazy\" decoding=\"async\" width=\"150\" height=\"113\" src=\"https:\/\/archive.sana.sy\/es\/wp-content\/uploads\/2016\/02\/atentado-al-Sitin-1-150x113.jpg\" class=\"attachment-thumbnail size-thumbnail\" alt=\"\" srcset=\"https:\/\/archive.sana.sy\/es\/wp-content\/uploads\/2016\/02\/atentado-al-Sitin-1-150x113.jpg 150w, https:\/\/archive.sana.sy\/es\/wp-content\/uploads\/2016\/02\/atentado-al-Sitin-1-300x225.jpg 300w, https:\/\/archive.sana.sy\/es\/wp-content\/uploads\/2016\/02\/atentado-al-Sitin-1.jpg 500w\" sizes=\"(max-width: 150px) 100vw, 150px\" \/><\/a>\n\t\t\t<\/div><\/figure><figure class='gallery-item'>\n\t\t\t<div class='gallery-icon landscape'>\n\t\t\t\t<a href='https:\/\/archive.sana.sy\/es\/wp-content\/uploads\/2016\/02\/atentado-al-Sitin-3.jpg'><img loading=\"lazy\" decoding=\"async\" width=\"150\" height=\"113\" src=\"https:\/\/archive.sana.sy\/es\/wp-content\/uploads\/2016\/02\/atentado-al-Sitin-3-150x113.jpg\" class=\"attachment-thumbnail size-thumbnail\" alt=\"\" srcset=\"https:\/\/archive.sana.sy\/es\/wp-content\/uploads\/2016\/02\/atentado-al-Sitin-3-150x113.jpg 150w, https:\/\/archive.sana.sy\/es\/wp-content\/uploads\/2016\/02\/atentado-al-Sitin-3-300x225.jpg 300w, https:\/\/archive.sana.sy\/es\/wp-content\/uploads\/2016\/02\/atentado-al-Sitin-3.jpg 500w\" sizes=\"(max-width: 150px) 100vw, 150px\" \/><\/a>\n\t\t\t<\/div><\/figure><figure class='gallery-item'>\n\t\t\t<div class='gallery-icon landscape'>\n\t\t\t\t<a href='https:\/\/archive.sana.sy\/es\/wp-content\/uploads\/2016\/02\/atentado-al-Sitin-4.jpg'><img loading=\"lazy\" decoding=\"async\" width=\"150\" height=\"113\" src=\"https:\/\/archive.sana.sy\/es\/wp-content\/uploads\/2016\/02\/atentado-al-Sitin-4-150x113.jpg\" class=\"attachment-thumbnail size-thumbnail\" alt=\"\" srcset=\"https:\/\/archive.sana.sy\/es\/wp-content\/uploads\/2016\/02\/atentado-al-Sitin-4-150x113.jpg 150w, https:\/\/archive.sana.sy\/es\/wp-content\/uploads\/2016\/02\/atentado-al-Sitin-4-300x225.jpg 300w, https:\/\/archive.sana.sy\/es\/wp-content\/uploads\/2016\/02\/atentado-al-Sitin-4.jpg 500w\" sizes=\"(max-width: 150px) 100vw, 150px\" \/><\/a>\n\t\t\t<\/div><\/figure><figure class='gallery-item'>\n\t\t\t<div class='gallery-icon landscape'>\n\t\t\t\t<a href='https:\/\/archive.sana.sy\/es\/wp-content\/uploads\/2016\/02\/atentado-al-Sitin-6.jpg'><img loading=\"lazy\" decoding=\"async\" width=\"150\" height=\"113\" src=\"https:\/\/archive.sana.sy\/es\/wp-content\/uploads\/2016\/02\/atentado-al-Sitin-6-150x113.jpg\" class=\"attachment-thumbnail size-thumbnail\" alt=\"\" srcset=\"https:\/\/archive.sana.sy\/es\/wp-content\/uploads\/2016\/02\/atentado-al-Sitin-6-150x113.jpg 150w, https:\/\/archive.sana.sy\/es\/wp-content\/uploads\/2016\/02\/atentado-al-Sitin-6-300x225.jpg 300w, https:\/\/archive.sana.sy\/es\/wp-content\/uploads\/2016\/02\/atentado-al-Sitin-6.jpg 500w\" sizes=\"(max-width: 150px) 100vw, 150px\" \/><\/a>\n\t\t\t<\/div><\/figure><figure class='gallery-item'>\n\t\t\t<div class='gallery-icon landscape'>\n\t\t\t\t<a href='https:\/\/archive.sana.sy\/es\/wp-content\/uploads\/2016\/02\/atentado-al-Sitin-7.jpg'><img loading=\"lazy\" decoding=\"async\" width=\"150\" height=\"113\" src=\"https:\/\/archive.sana.sy\/es\/wp-content\/uploads\/2016\/02\/atentado-al-Sitin-7-150x113.jpg\" class=\"attachment-thumbnail size-thumbnail\" alt=\"\" srcset=\"https:\/\/archive.sana.sy\/es\/wp-content\/uploads\/2016\/02\/atentado-al-Sitin-7-150x113.jpg 150w, https:\/\/archive.sana.sy\/es\/wp-content\/uploads\/2016\/02\/atentado-al-Sitin-7-300x225.jpg 300w, https:\/\/archive.sana.sy\/es\/wp-content\/uploads\/2016\/02\/atentado-al-Sitin-7.jpg 500w\" sizes=\"(max-width: 150px) 100vw, 150px\" \/><\/a>\n\t\t\t<\/div><\/figure><figure class='gallery-item'>\n\t\t\t<div class='gallery-icon landscape'>\n\t\t\t\t<a href='https:\/\/archive.sana.sy\/es\/wp-content\/uploads\/2016\/02\/atentado-al-Sitin-5.jpg'><img loading=\"lazy\" decoding=\"async\" width=\"150\" height=\"113\" src=\"https:\/\/archive.sana.sy\/es\/wp-content\/uploads\/2016\/02\/atentado-al-Sitin-5-150x113.jpg\" class=\"attachment-thumbnail size-thumbnail\" alt=\"\" srcset=\"https:\/\/archive.sana.sy\/es\/wp-content\/uploads\/2016\/02\/atentado-al-Sitin-5-150x113.jpg 150w, https:\/\/archive.sana.sy\/es\/wp-content\/uploads\/2016\/02\/atentado-al-Sitin-5-300x225.jpg 300w, https:\/\/archive.sana.sy\/es\/wp-content\/uploads\/2016\/02\/atentado-al-Sitin-5.jpg 500w\" sizes=\"(max-width: 150px) 100vw, 150px\" \/><\/a>\n\t\t\t<\/div><\/figure>\n\t\t<\/div>\n\n<p>https:\/\/youtu.be\/IHmQrXfzDQM<\/p>\n<p>&nbsp;<\/p>\n<p>&nbsp;<\/p>\n<p>&nbsp;<\/p>\n<p style=\"text-align: justify\"><span style=\"color: #0000ff\">Lynn A., Hala B., Riad Sh.<\/span><\/p>\n<p style=\"text-align: justify\"><strong>\u00a0<\/strong><\/p>\n","protected":false},"excerpt":{"rendered":"<p>Homs, Damasco, SANA Se ha elevado a 39, el n\u00famero de las v\u00edctimas mortales por el doble atentado terrorista con coche bomba que azot\u00f3 esta ma\u00f1ana la calle de al-Sitin en la ciudad central de Homs. El gobernador de Homs, Talal al-Barazi se\u00f1al\u00f3 que el balance primario del doble atentado terrorista era 14 m\u00e1rtires y &hellip;<\/p>\n","protected":false},"author":1,"featured_media":38889,"comment_status":"closed","ping_status":"closed","sticky":false,"template":"","format":"standard","meta":{"footnotes":""},"categories":[476,583,7541],"tags":[8077],"class_list":["post-38888","post","type-post","status-publish","format-standard","has-post-thumbnail","","category-locales","category-slide","category-ultimas-noticias","tag-32-martires-tras-un-atentado-con-dos-coches-bombas-en-homs"],"_links":{"self":[{"href":"https:\/\/archive.sana.sy\/es\/index.php?rest_route=\/wp\/v2\/posts\/38888"}],"collection":[{"href":"https:\/\/archive.sana.sy\/es\/index.php?rest_route=\/wp\/v2\/posts"}],"about":[{"href":"https:\/\/archive.sana.sy\/es\/index.php?rest_route=\/wp\/v2\/types\/post"}],"author":[{"embeddable":true,"href":"https:\/\/archive.sana.sy\/es\/index.php?rest_route=\/wp\/v2\/users\/1"}],"replies":[{"embeddable":true,"href":"https:\/\/archive.sana.sy\/es\/index.php?rest_route=%2Fwp%2Fv2%2Fcomments&post=38888"}],"version-history":[{"count":0,"href":"https:\/\/archive.sana.sy\/es\/index.php?rest_route=\/wp\/v2\/posts\/38888\/revisions"}],"wp:featuredmedia":[{"embeddable":true,"href":"https:\/\/archive.sana.sy\/es\/index.php?rest_route=\/wp\/v2\/media\/38889"}],"wp:attachment":[{"href":"https:\/\/archive.sana.sy\/es\/index.php?rest_route=%2Fwp%2Fv2%2Fmedia&parent=38888"}],"wp:term":[{"taxonomy":"category","embeddable":true,"href":"https:\/\/archive.sana.sy\/es\/index.php?rest_route=%2Fwp%2Fv2%2Fcategories&post=38888"},{"taxonomy":"post_tag","embeddable":true,"href":"https:\/\/archive.sana.sy\/es\/index.php?rest_route=%2Fwp%2Fv2%2Ftags&post=38888"}],"curies":[{"name":"wp","href":"https:\/\/api.w.org\/{rel}","templated":true}]}}