{"id":38917,"date":"2016-02-21T15:19:50","date_gmt":"2016-02-21T13:19:50","guid":{"rendered":"http:\/\/www.sana.sy\/es\/?p=38917"},"modified":"2016-02-21T15:19:50","modified_gmt":"2016-02-21T13:19:50","slug":"lavrov-y-kerry-debaten-de-nuevo-mecanismo-del-alto-el-fuego-en-siria","status":"publish","type":"post","link":"https:\/\/archive.sana.sy\/es\/?p=38917","title":{"rendered":"Lavrov y Kerry debaten de nuevo mecanismo del alto el fuego en Siria"},"content":{"rendered":"<p><span style=\"color: #800000\">Mosc\u00fa, SANA<\/span><\/p>\n<p>La Canciller\u00eda rusa emiti\u00f3 este domingo un comunicado en el que inform\u00f3 que el jefe de la diplomacia rusa, Serguei Lavrov examin\u00f3 con su hom\u00f3logo estadounidense, John Kerry por tel\u00e9fono el mecanismo y las condiciones del cese de las acciones de combate en Siria, que excluye a las organizaciones terroristas catalogadas por el Consejo de Seguridad de la ONU, seg\u00fan el comunicado emitido en M\u00fanich por el Grupo Internacional de Apoyo a Siria.<\/p>\n<p>Por su parte, Kerry anunci\u00f3 que el alto el fuego podr\u00eda entrar en vigor pronto.<\/p>\n<p>En una rueda de prensa con su hom\u00f3logo jordano, Nasser Joudeh en Om\u00e1n, el secretario del Estado de EEUU dijo: \u201cestamos cercanos m\u00e1s que nunca del alto el fuego en Siria\u201d, agregando que \u00e9l alcanz\u00f3 con Lavrov un acuerdo condicionado al respecto.<\/p>\n<p>Kerry destac\u00f3 que los presidentes de Rusia y EEUU pondr\u00e1n el \u00faltimo toque a este acuerdo.<\/p>\n<p>Cabe destacar que el Grupo Internacional de Apoyo a Siria acord\u00f3 en M\u00fanich la reanudaci\u00f3n del di\u00e1logo sirio-sirio sin previas condiciones, el cese lo antes posible de las acciones de combate en Siria, a que no incluya a las organizaciones terroristas tales como el Estado Isl\u00e1mico y el Frente de al-Nousra, as\u00ed como el acceso inmediato de la ayuda humanitaria a todas las \u00e1reas sirias.<\/p>\n<p>&nbsp;<\/p>\n<p>&nbsp;<\/p>\n<p>Lynn A., Riyad Sh.<\/p>\n","protected":false},"excerpt":{"rendered":"<p>Mosc\u00fa, SANA La Canciller\u00eda rusa emiti\u00f3 este domingo un comunicado en el que inform\u00f3 que el jefe de la diplomacia rusa, Serguei Lavrov examin\u00f3 con su hom\u00f3logo estadounidense, John Kerry por tel\u00e9fono el mecanismo y las condiciones del cese de las acciones de combate en Siria, que excluye a las organizaciones terroristas catalogadas por el &hellip;<\/p>\n","protected":false},"author":24,"featured_media":29581,"comment_status":"closed","ping_status":"closed","sticky":false,"template":"","format":"standard","meta":{"footnotes":""},"categories":[597,467,7541],"tags":[],"class_list":["post-38917","post","type-post","status-publish","format-standard","has-post-thumbnail","","category-cinta-de-noticias","category-siria-y-el-mundo","category-ultimas-noticias"],"_links":{"self":[{"href":"https:\/\/archive.sana.sy\/es\/index.php?rest_route=\/wp\/v2\/posts\/38917"}],"collection":[{"href":"https:\/\/archive.sana.sy\/es\/index.php?rest_route=\/wp\/v2\/posts"}],"about":[{"href":"https:\/\/archive.sana.sy\/es\/index.php?rest_route=\/wp\/v2\/types\/post"}],"author":[{"embeddable":true,"href":"https:\/\/archive.sana.sy\/es\/index.php?rest_route=\/wp\/v2\/users\/24"}],"replies":[{"embeddable":true,"href":"https:\/\/archive.sana.sy\/es\/index.php?rest_route=%2Fwp%2Fv2%2Fcomments&post=38917"}],"version-history":[{"count":0,"href":"https:\/\/archive.sana.sy\/es\/index.php?rest_route=\/wp\/v2\/posts\/38917\/revisions"}],"wp:featuredmedia":[{"embeddable":true,"href":"https:\/\/archive.sana.sy\/es\/index.php?rest_route=\/wp\/v2\/media\/29581"}],"wp:attachment":[{"href":"https:\/\/archive.sana.sy\/es\/index.php?rest_route=%2Fwp%2Fv2%2Fmedia&parent=38917"}],"wp:term":[{"taxonomy":"category","embeddable":true,"href":"https:\/\/archive.sana.sy\/es\/index.php?rest_route=%2Fwp%2Fv2%2Fcategories&post=38917"},{"taxonomy":"post_tag","embeddable":true,"href":"https:\/\/archive.sana.sy\/es\/index.php?rest_route=%2Fwp%2Fv2%2Ftags&post=38917"}],"curies":[{"name":"wp","href":"https:\/\/api.w.org\/{rel}","templated":true}]}}