{"id":38938,"date":"2016-02-21T17:14:49","date_gmt":"2016-02-21T15:14:49","guid":{"rendered":"http:\/\/www.sana.sy\/es\/?p=38938"},"modified":"2016-02-21T17:17:27","modified_gmt":"2016-02-21T15:17:27","slug":"comienzan-obras-de-rehabilitacion-de-la-planta-termica-de-alepo-despues-de-anunciarla-libre-del-terrorismo","status":"publish","type":"post","link":"https:\/\/archive.sana.sy\/es\/?p=38938","title":{"rendered":"Comienzan obras de rehabilitaci\u00f3n de la planta t\u00e9rmica de Alepo despu\u00e9s de anunciarla libre del terrorismo"},"content":{"rendered":"<p><span style=\"color: #800000\">Damasco, SANA<\/span><\/p>\n<p>El Ministerio de Energ\u00eda El\u00e9ctrica anunci\u00f3 este domingo el inicio de las obras de rehabilitaci\u00f3n de la planta t\u00e9rmica de Alepo despu\u00e9s de que el ej\u00e9rcito sirio la anunciara ayer el s\u00e1bado libre de los terroristas.<\/p>\n<p>En un comunicado, el Ministerio se\u00f1al\u00f3 que se crearon comit\u00e9s para evaluar los da\u00f1os y reconstruir la planta a fin de ponerla en funcionamiento lo antes posible para que vuelva a alimentar Alepo con la electricidad.<\/p>\n<p>La provincia septentrional de Alepo sufre apagones desde 7\/11\/2013, fecha en la que los terroristas se apoderaron de dicha\u00a0planta t\u00e9rmica.<\/p>\n<p>Cabe destacar que la planta t\u00e9rmica se sit\u00faa a 25 km al este de la ciudad de Alepo y se considera la m\u00e1s grande planta en Siria, la cual\u00a0suministra la red con 20 por ciento del total de la energ\u00eda el\u00e9ctrica generada en Siria.<\/p>\n<p>&nbsp;<\/p>\n<p>&nbsp;<\/p>\n<p>Lynn A.<\/p>\n","protected":false},"excerpt":{"rendered":"<p>Damasco, SANA El Ministerio de Energ\u00eda El\u00e9ctrica anunci\u00f3 este domingo el inicio de las obras de rehabilitaci\u00f3n de la planta t\u00e9rmica de Alepo despu\u00e9s de que el ej\u00e9rcito sirio la anunciara ayer el s\u00e1bado libre de los terroristas. En un comunicado, el Ministerio se\u00f1al\u00f3 que se crearon comit\u00e9s para evaluar los da\u00f1os y reconstruir la &hellip;<\/p>\n","protected":false},"author":24,"featured_media":38939,"comment_status":"closed","ping_status":"closed","sticky":false,"template":"","format":"standard","meta":{"footnotes":""},"categories":[477,597,476],"tags":[],"class_list":["post-38938","post","type-post","status-publish","format-standard","has-post-thumbnail","","category-noticias-edulcorantes","category-cinta-de-noticias","category-locales"],"_links":{"self":[{"href":"https:\/\/archive.sana.sy\/es\/index.php?rest_route=\/wp\/v2\/posts\/38938"}],"collection":[{"href":"https:\/\/archive.sana.sy\/es\/index.php?rest_route=\/wp\/v2\/posts"}],"about":[{"href":"https:\/\/archive.sana.sy\/es\/index.php?rest_route=\/wp\/v2\/types\/post"}],"author":[{"embeddable":true,"href":"https:\/\/archive.sana.sy\/es\/index.php?rest_route=\/wp\/v2\/users\/24"}],"replies":[{"embeddable":true,"href":"https:\/\/archive.sana.sy\/es\/index.php?rest_route=%2Fwp%2Fv2%2Fcomments&post=38938"}],"version-history":[{"count":0,"href":"https:\/\/archive.sana.sy\/es\/index.php?rest_route=\/wp\/v2\/posts\/38938\/revisions"}],"wp:featuredmedia":[{"embeddable":true,"href":"https:\/\/archive.sana.sy\/es\/index.php?rest_route=\/wp\/v2\/media\/38939"}],"wp:attachment":[{"href":"https:\/\/archive.sana.sy\/es\/index.php?rest_route=%2Fwp%2Fv2%2Fmedia&parent=38938"}],"wp:term":[{"taxonomy":"category","embeddable":true,"href":"https:\/\/archive.sana.sy\/es\/index.php?rest_route=%2Fwp%2Fv2%2Fcategories&post=38938"},{"taxonomy":"post_tag","embeddable":true,"href":"https:\/\/archive.sana.sy\/es\/index.php?rest_route=%2Fwp%2Fv2%2Ftags&post=38938"}],"curies":[{"name":"wp","href":"https:\/\/api.w.org\/{rel}","templated":true}]}}