{"id":38955,"date":"2016-02-21T20:46:34","date_gmt":"2016-02-21T18:46:34","guid":{"rendered":"http:\/\/www.sana.sy\/es\/?p=38955"},"modified":"2016-02-21T20:46:34","modified_gmt":"2016-02-21T18:46:34","slug":"iran-destaca-que-el-dialogo-politico-unica-via-para-resolver-la-crisis-siria","status":"publish","type":"post","link":"https:\/\/archive.sana.sy\/es\/?p=38955","title":{"rendered":"Ir\u00e1n destaca que el dialogo pol\u00edtico \u00fanica v\u00eda para resolver la crisis siria"},"content":{"rendered":"<p>Teher\u00e1n-SANA<\/p>\n<p>El presidente de Ir\u00e1n, Hasan Rohani, ha subrayado que la crisis de Siria solo se resuelve a trav\u00e9s de los di\u00e1logos pol\u00edticos y por reconocer el derecho del pueblo, ya que los sirios son los que deciden el futuro de su pa\u00eds.<\/p>\n<p>Las declaraciones del mandatario iran\u00ed se produjeron durante una reuni\u00f3n celebrada este domingo en Teher\u00e1n con el ministro de Defensa de Rusia, Serguei Shoigu.<\/p>\n<p>El alto oficial ruso ha trasmitido un mensaje del presidente de Rusia, Vladimir Putin, al presidente Rohani, respecto a los \u00faltimos acontecimientos en la regi\u00f3n y los esfuerzos encaminados para lograr la estabilidad all\u00ed.<\/p>\n<p>Yamil K.<\/p>\n","protected":false},"excerpt":{"rendered":"<p>Teher\u00e1n-SANA El presidente de Ir\u00e1n, Hasan Rohani, ha subrayado que la crisis de Siria solo se resuelve a trav\u00e9s de los di\u00e1logos pol\u00edticos y por reconocer el derecho del pueblo, ya que los sirios son los que deciden el futuro de su pa\u00eds. Las declaraciones del mandatario iran\u00ed se produjeron durante una reuni\u00f3n celebrada este &hellip;<\/p>\n","protected":false},"author":1,"featured_media":27829,"comment_status":"closed","ping_status":"closed","sticky":false,"template":"","format":"standard","meta":{"footnotes":""},"categories":[456,457,576],"tags":[],"class_list":["post-38955","post","type-post","status-publish","format-standard","has-post-thumbnail","","category-arabe-internacional-politica","category-noticias-arabe-internacional-politica","category-noticias-politicas"],"_links":{"self":[{"href":"https:\/\/archive.sana.sy\/es\/index.php?rest_route=\/wp\/v2\/posts\/38955"}],"collection":[{"href":"https:\/\/archive.sana.sy\/es\/index.php?rest_route=\/wp\/v2\/posts"}],"about":[{"href":"https:\/\/archive.sana.sy\/es\/index.php?rest_route=\/wp\/v2\/types\/post"}],"author":[{"embeddable":true,"href":"https:\/\/archive.sana.sy\/es\/index.php?rest_route=\/wp\/v2\/users\/1"}],"replies":[{"embeddable":true,"href":"https:\/\/archive.sana.sy\/es\/index.php?rest_route=%2Fwp%2Fv2%2Fcomments&post=38955"}],"version-history":[{"count":0,"href":"https:\/\/archive.sana.sy\/es\/index.php?rest_route=\/wp\/v2\/posts\/38955\/revisions"}],"wp:featuredmedia":[{"embeddable":true,"href":"https:\/\/archive.sana.sy\/es\/index.php?rest_route=\/wp\/v2\/media\/27829"}],"wp:attachment":[{"href":"https:\/\/archive.sana.sy\/es\/index.php?rest_route=%2Fwp%2Fv2%2Fmedia&parent=38955"}],"wp:term":[{"taxonomy":"category","embeddable":true,"href":"https:\/\/archive.sana.sy\/es\/index.php?rest_route=%2Fwp%2Fv2%2Fcategories&post=38955"},{"taxonomy":"post_tag","embeddable":true,"href":"https:\/\/archive.sana.sy\/es\/index.php?rest_route=%2Fwp%2Fv2%2Ftags&post=38955"}],"curies":[{"name":"wp","href":"https:\/\/api.w.org\/{rel}","templated":true}]}}