{"id":38975,"date":"2016-02-22T16:39:20","date_gmt":"2016-02-22T14:39:20","guid":{"rendered":"http:\/\/www.sana.sy\/es\/?p=38975"},"modified":"2016-02-22T19:41:03","modified_gmt":"2016-02-22T17:41:03","slug":"bogdanov-y-abdellahian-examinan-el-progreso-del-arreglo-politico-de-la-crisis-de-siria","status":"publish","type":"post","link":"https:\/\/archive.sana.sy\/es\/?p=38975","title":{"rendered":"Bogdanov y Abdellahian examinan el progreso del arreglo pol\u00edtico de la crisis de Siria"},"content":{"rendered":"<p>Mosc\u00fa-SANA<\/p>\n<p>El enviado especial del presidente ruso para Oriente Medio y \u00c1frica, y vicecanciller ruso, Michael Bogdanov examin\u00f3 con el vicecanciller de Ir\u00e1n para asuntos \u00e1rabes y africanos, Hussien Amir Abdellahian, el progreso del arreglo pol\u00edtico de la crisis de Siria.<\/p>\n<p>La canciller\u00eda rusa, dijo en un comunicado que ambos diplom\u00e1ticos han sostenido una llamada telef\u00f3nica para discutir la crisis en siria.<\/p>\n<p>Por su parte, la canciller\u00eda de Ir\u00e1n, ha informado que Bogdanov y Abdellahian hicieron hincapi\u00e9 en la necesidad de encontrar una soluci\u00f3n pol\u00edtica a la crisis de Siria as\u00ed como realizar esfuerzos para acordar un cese al fuego en ese pa\u00eds, recalcaron adem\u00e1s en la necesidad de enviar ayudas humanitarias al pueblo sirio.<\/p>\n<p>Yamil K.<\/p>\n","protected":false},"excerpt":{"rendered":"<p>Mosc\u00fa-SANA El enviado especial del presidente ruso para Oriente Medio y \u00c1frica, y vicecanciller ruso, Michael Bogdanov examin\u00f3 con el vicecanciller de Ir\u00e1n para asuntos \u00e1rabes y africanos, Hussien Amir Abdellahian, el progreso del arreglo pol\u00edtico de la crisis de Siria. La canciller\u00eda rusa, dijo en un comunicado que ambos diplom\u00e1ticos han sostenido una llamada &hellip;<\/p>\n","protected":false},"author":1,"featured_media":38976,"comment_status":"closed","ping_status":"closed","sticky":false,"template":"","format":"standard","meta":{"footnotes":""},"categories":[456,457,576,7541],"tags":[],"class_list":["post-38975","post","type-post","status-publish","format-standard","has-post-thumbnail","","category-arabe-internacional-politica","category-noticias-arabe-internacional-politica","category-noticias-politicas","category-ultimas-noticias"],"_links":{"self":[{"href":"https:\/\/archive.sana.sy\/es\/index.php?rest_route=\/wp\/v2\/posts\/38975"}],"collection":[{"href":"https:\/\/archive.sana.sy\/es\/index.php?rest_route=\/wp\/v2\/posts"}],"about":[{"href":"https:\/\/archive.sana.sy\/es\/index.php?rest_route=\/wp\/v2\/types\/post"}],"author":[{"embeddable":true,"href":"https:\/\/archive.sana.sy\/es\/index.php?rest_route=\/wp\/v2\/users\/1"}],"replies":[{"embeddable":true,"href":"https:\/\/archive.sana.sy\/es\/index.php?rest_route=%2Fwp%2Fv2%2Fcomments&post=38975"}],"version-history":[{"count":0,"href":"https:\/\/archive.sana.sy\/es\/index.php?rest_route=\/wp\/v2\/posts\/38975\/revisions"}],"wp:featuredmedia":[{"embeddable":true,"href":"https:\/\/archive.sana.sy\/es\/index.php?rest_route=\/wp\/v2\/media\/38976"}],"wp:attachment":[{"href":"https:\/\/archive.sana.sy\/es\/index.php?rest_route=%2Fwp%2Fv2%2Fmedia&parent=38975"}],"wp:term":[{"taxonomy":"category","embeddable":true,"href":"https:\/\/archive.sana.sy\/es\/index.php?rest_route=%2Fwp%2Fv2%2Fcategories&post=38975"},{"taxonomy":"post_tag","embeddable":true,"href":"https:\/\/archive.sana.sy\/es\/index.php?rest_route=%2Fwp%2Fv2%2Ftags&post=38975"}],"curies":[{"name":"wp","href":"https:\/\/api.w.org\/{rel}","templated":true}]}}