{"id":38992,"date":"2016-02-23T10:41:13","date_gmt":"2016-02-23T08:41:13","guid":{"rendered":"http:\/\/www.sana.sy\/es\/?p=38992"},"modified":"2016-02-23T10:41:13","modified_gmt":"2016-02-23T08:41:13","slug":"decreto-presidencial-fija-el-4-de-abril-como-fecha-para-celebrar-las-elecciones-parlamentarias","status":"publish","type":"post","link":"https:\/\/archive.sana.sy\/es\/?p=38992","title":{"rendered":"Decreto presidencial fija el 4 de abril como fecha para celebrar las elecciones parlamentarias"},"content":{"rendered":"<p style=\"text-align: justify\"><span style=\"color: #800000\">Damasco, SANA<\/span><\/p>\n<p style=\"text-align: justify\">El presidente Bashar al Assad, emiti\u00f3 el Decreto No. 63 del a\u00f1o 2016 relativo a la elecci\u00f3n de los miembros de la Asamblea del Pueblo para la segunda legislatura.<\/p>\n<p style=\"text-align: justify\">El decreto fija el cuatro de abril como fecha para la elecci\u00f3n de los miembros de la Asamblea.<\/p>\n<p style=\"text-align: justify\">El n\u00famero de miembros de la Asamblea es 250 que abarcan las categor\u00edas de los obreros y campesinos, y el resto de categor\u00eda del pueblo.<\/p>\n<p style=\"text-align: justify\"><span style=\"color: #0000ff\">\u00a0<\/span><br \/>\n<span style=\"color: #0000ff\"><strong>Fady M., Hala B.<\/strong><\/span><\/p>\n","protected":false},"excerpt":{"rendered":"<p>Damasco, SANA El presidente Bashar al Assad, emiti\u00f3 el Decreto No. 63 del a\u00f1o 2016 relativo a la elecci\u00f3n de los miembros de la Asamblea del Pueblo para la segunda legislatura. El decreto fija el cuatro de abril como fecha para la elecci\u00f3n de los miembros de la Asamblea. El n\u00famero de miembros de la &hellip;<\/p>\n","protected":false},"author":1,"featured_media":38993,"comment_status":"closed","ping_status":"closed","sticky":false,"template":"","format":"standard","meta":{"footnotes":""},"categories":[583,626],"tags":[8079],"class_list":["post-38992","post","type-post","status-publish","format-standard","has-post-thumbnail","","category-slide","category-sr-presidente","tag-decreto-presidencial-fija-el-4-de-abril-como-fecha-para-celebrar-las-elecciones-parlamentarias"],"_links":{"self":[{"href":"https:\/\/archive.sana.sy\/es\/index.php?rest_route=\/wp\/v2\/posts\/38992"}],"collection":[{"href":"https:\/\/archive.sana.sy\/es\/index.php?rest_route=\/wp\/v2\/posts"}],"about":[{"href":"https:\/\/archive.sana.sy\/es\/index.php?rest_route=\/wp\/v2\/types\/post"}],"author":[{"embeddable":true,"href":"https:\/\/archive.sana.sy\/es\/index.php?rest_route=\/wp\/v2\/users\/1"}],"replies":[{"embeddable":true,"href":"https:\/\/archive.sana.sy\/es\/index.php?rest_route=%2Fwp%2Fv2%2Fcomments&post=38992"}],"version-history":[{"count":0,"href":"https:\/\/archive.sana.sy\/es\/index.php?rest_route=\/wp\/v2\/posts\/38992\/revisions"}],"wp:featuredmedia":[{"embeddable":true,"href":"https:\/\/archive.sana.sy\/es\/index.php?rest_route=\/wp\/v2\/media\/38993"}],"wp:attachment":[{"href":"https:\/\/archive.sana.sy\/es\/index.php?rest_route=%2Fwp%2Fv2%2Fmedia&parent=38992"}],"wp:term":[{"taxonomy":"category","embeddable":true,"href":"https:\/\/archive.sana.sy\/es\/index.php?rest_route=%2Fwp%2Fv2%2Fcategories&post=38992"},{"taxonomy":"post_tag","embeddable":true,"href":"https:\/\/archive.sana.sy\/es\/index.php?rest_route=%2Fwp%2Fv2%2Ftags&post=38992"}],"curies":[{"name":"wp","href":"https:\/\/api.w.org\/{rel}","templated":true}]}}