{"id":38998,"date":"2016-02-23T11:57:24","date_gmt":"2016-02-23T09:57:24","guid":{"rendered":"http:\/\/www.sana.sy\/es\/?p=38998"},"modified":"2016-02-23T11:57:24","modified_gmt":"2016-02-23T09:57:24","slug":"5000-personas-se-alistan-a-las-facciones-de-autoproteccion-en-damasco-campo","status":"publish","type":"post","link":"https:\/\/archive.sana.sy\/es\/?p=38998","title":{"rendered":"5000 personas se alistan a las Facciones de Autoprotecci\u00f3n en Damasco-campo"},"content":{"rendered":"<p style=\"text-align: justify\"><span style=\"color: #800000\">Damasco, SANA<\/span><\/p>\n<p style=\"text-align: justify\">En uno de los campos militares de entrenamiento en la zona de Qutaifah al norte de Damasco, se celebr\u00f3 la graduaci\u00f3n del 7\u00ba grupo de Facciones de Autoprotecci\u00f3n, que incluy\u00f3 cerca de 1.300 personas, vecinos de la regi\u00f3n del Qalamun, en Damasc-campo.<\/p>\n<p style=\"text-align: justify\"><img loading=\"lazy\" decoding=\"async\" class=\"alignnone size-medium wp-image-39000\" src=\"http:\/\/www.sana.sy\/es\/wp-content\/uploads\/2016\/02\/vo8-300x200.jpg\" alt=\"vo8\" width=\"300\" height=\"200\" srcset=\"https:\/\/archive.sana.sy\/es\/wp-content\/uploads\/2016\/02\/vo8.jpg 300w, https:\/\/archive.sana.sy\/es\/wp-content\/uploads\/2016\/02\/vo8-150x100.jpg 150w\" sizes=\"(max-width: 300px) 100vw, 300px\" \/><\/p>\n<p style=\"text-align: justify\">Los voluntarios graduados mostraron en un desfile militar los talentos que adquirieron como el uso de armas y veh\u00edculos militares pesados, las formas de repeler un ataque de terroristas y frustrar los atentados suicidas contra los puntos militares, adem\u00e1s de las t\u00e9cnicas de tender emboscadas contra los movimientos de las bandas terroristas.<\/p>\n<p style=\"text-align: justify\">El gobernador de Damasco-campo, Hussein Makhlouf, dijo que &#8220;hasta la fecha se han alistado unas 5000 personas de la provincia a las Facciones de Autoprotecci\u00f3n&#8221;, destacando que su misi\u00f3n es ocupar las zonas liberadas por el Ej\u00e9rcito sirio y fortalecer la estabilidad en las mismas, adem\u00e1s de ayudar a los desplazados y proporcionar servicios a ellos, proteger las propiedades privadas y p\u00fablicas y garantizar el acceso de los agricultores a sus tierras.<\/p>\n<p style=\"text-align: justify\"><img loading=\"lazy\" decoding=\"async\" class=\"alignnone size-medium wp-image-39001\" src=\"http:\/\/www.sana.sy\/es\/wp-content\/uploads\/2016\/02\/vvvoll-300x200.jpg\" alt=\"vvvoll\" width=\"300\" height=\"200\" srcset=\"https:\/\/archive.sana.sy\/es\/wp-content\/uploads\/2016\/02\/vvvoll.jpg 300w, https:\/\/archive.sana.sy\/es\/wp-content\/uploads\/2016\/02\/vvvoll-150x100.jpg 150w\" sizes=\"(max-width: 300px) 100vw, 300px\" \/><\/p>\n<p style=\"text-align: justify\">El oficial responsable de la graduaci\u00f3n afirm\u00f3 que el s\u00e9ptimo grupo incluy\u00f3 casi 1300 personas de las diferentes edades y han sido sometidas a entrenamiento intensivo que ha desarrollado sus habilidades en el campo de batalla y elevado su moral.<\/p>\n<p style=\"text-align: justify\"><span style=\"color: #0000ff\"><strong>Fady M., Hala B.<\/strong><\/span><\/p>\n","protected":false},"excerpt":{"rendered":"<p>Damasco, SANA En uno de los campos militares de entrenamiento en la zona de Qutaifah al norte de Damasco, se celebr\u00f3 la graduaci\u00f3n del 7\u00ba grupo de Facciones de Autoprotecci\u00f3n, que incluy\u00f3 cerca de 1.300 personas, vecinos de la regi\u00f3n del Qalamun, en Damasc-campo. Los voluntarios graduados mostraron en un desfile militar los talentos que &hellip;<\/p>\n","protected":false},"author":1,"featured_media":38999,"comment_status":"closed","ping_status":"closed","sticky":false,"template":"","format":"standard","meta":{"footnotes":""},"categories":[477,476,583],"tags":[8081],"class_list":["post-38998","post","type-post","status-publish","format-standard","has-post-thumbnail","","category-noticias-edulcorantes","category-locales","category-slide","tag-5000-personas-se-alistan-a-las-facciones-de-autoproteccion-en-damasco-campo"],"_links":{"self":[{"href":"https:\/\/archive.sana.sy\/es\/index.php?rest_route=\/wp\/v2\/posts\/38998"}],"collection":[{"href":"https:\/\/archive.sana.sy\/es\/index.php?rest_route=\/wp\/v2\/posts"}],"about":[{"href":"https:\/\/archive.sana.sy\/es\/index.php?rest_route=\/wp\/v2\/types\/post"}],"author":[{"embeddable":true,"href":"https:\/\/archive.sana.sy\/es\/index.php?rest_route=\/wp\/v2\/users\/1"}],"replies":[{"embeddable":true,"href":"https:\/\/archive.sana.sy\/es\/index.php?rest_route=%2Fwp%2Fv2%2Fcomments&post=38998"}],"version-history":[{"count":0,"href":"https:\/\/archive.sana.sy\/es\/index.php?rest_route=\/wp\/v2\/posts\/38998\/revisions"}],"wp:featuredmedia":[{"embeddable":true,"href":"https:\/\/archive.sana.sy\/es\/index.php?rest_route=\/wp\/v2\/media\/38999"}],"wp:attachment":[{"href":"https:\/\/archive.sana.sy\/es\/index.php?rest_route=%2Fwp%2Fv2%2Fmedia&parent=38998"}],"wp:term":[{"taxonomy":"category","embeddable":true,"href":"https:\/\/archive.sana.sy\/es\/index.php?rest_route=%2Fwp%2Fv2%2Fcategories&post=38998"},{"taxonomy":"post_tag","embeddable":true,"href":"https:\/\/archive.sana.sy\/es\/index.php?rest_route=%2Fwp%2Fv2%2Ftags&post=38998"}],"curies":[{"name":"wp","href":"https:\/\/api.w.org\/{rel}","templated":true}]}}