{"id":39003,"date":"2016-02-23T19:50:33","date_gmt":"2016-02-23T17:50:33","guid":{"rendered":"http:\/\/www.sana.sy\/es\/?p=39003"},"modified":"2016-02-24T14:39:00","modified_gmt":"2016-02-24T12:39:00","slug":"siria-anuncia-su-aceptacion-al-cese-de-operaciones-militares","status":"publish","type":"post","link":"https:\/\/archive.sana.sy\/es\/?p=39003","title":{"rendered":"Siria anuncia su aceptaci\u00f3n al cese de operaciones militares"},"content":{"rendered":"<p><span style=\"color: #800000\">Damasco, SANA<\/span><\/p>\n<p style=\"text-align: justify\">Una fuente oficial del Ministerio de Exteriores y Emigrantes declar\u00f3 que &#8220;la Rep\u00fablica \u00c1rabe Siria acepta el cese de las operaciones militares sobre la base de continuar los esfuerzos militares de lucha antiterrorista contra el Estado Isl\u00e1mico, el Frente al Nousra y otras organizaciones terroristas asociadas a al Qaeda, y de acuerdo a la declaraci\u00f3n ruso-norteamericana&#8221;.<\/p>\n<p style=\"text-align: justify\">La fuente a\u00f1adi\u00f3 que &#8220;para asegurar la aplicaci\u00f3n con \u00e9xito del cese de operaciones militares en la fecha prevista el s\u00e1bado 27\/2\/2016, el gobierno sirio confirma su voluntad de continuar la coordinaci\u00f3n con la parte rusa para determinar las zonas y los grupos armados que abarcar\u00e1 ese cese del fuego durante el periodo de su entrada en vigor&#8221;.<\/p>\n<p style=\"text-align: justify\">La fuente se\u00f1al\u00f3 que &#8220;el Gobierno de la Rep\u00fablica \u00c1rabe Siria hace hincapi\u00e9 en la importancia del control de las fronteras y detener el apoyo de algunos pa\u00edses a los grupos armados, y prevenir que esas organizaciones fortalezcan su capacidad o cambiar sus posiciones con el fin de evitar lo que podr\u00eda conducir a socavar este acuerdo&#8221;.<\/p>\n<p style=\"text-align: justify\">De acuerdo con la fuente, el Gobierno sirio defiende el derecho de sus Fuerzas Armadas para responder a cualquier violaci\u00f3n realizado por esos grupos contra los ciudadanos sirios o en contra de las fuerzas armadas.<\/p>\n<p style=\"text-align: justify\">De igual manera, la fuente agreg\u00f3 que &#8220;el Gobierno sirio confirma su compromiso para detener el derramamiento de sangre siria y restablecer la seguridad y la estabilidad, respondiendo a la voluntad popular de los sirios en preservar la unidad del territorio y del pueblo de Siria por los cuales han sido los sacrificios de los m\u00e1rtires civiles y militares&#8221;.<\/p>\n<p style=\"text-align: justify\"><span style=\"color: #0000ff\"><strong>Fady M., Hala B.<\/strong><\/span><\/p>\n","protected":false},"excerpt":{"rendered":"<p>Damasco, SANA Una fuente oficial del Ministerio de Exteriores y Emigrantes declar\u00f3 que &#8220;la Rep\u00fablica \u00c1rabe Siria acepta el cese de las operaciones militares sobre la base de continuar los esfuerzos militares de lucha antiterrorista contra el Estado Isl\u00e1mico, el Frente al Nousra y otras organizaciones terroristas asociadas a al Qaeda, y de acuerdo a &hellip;<\/p>\n","protected":false},"author":1,"featured_media":35771,"comment_status":"closed","ping_status":"closed","sticky":false,"template":"","format":"standard","meta":{"footnotes":""},"categories":[477,597,476,576,7541],"tags":[8082],"class_list":["post-39003","post","type-post","status-publish","format-standard","has-post-thumbnail","","category-noticias-edulcorantes","category-cinta-de-noticias","category-locales","category-noticias-politicas","category-ultimas-noticias","tag-siria-anuncia-su-aceptacion-al-cese-de-operaciones-militares"],"_links":{"self":[{"href":"https:\/\/archive.sana.sy\/es\/index.php?rest_route=\/wp\/v2\/posts\/39003"}],"collection":[{"href":"https:\/\/archive.sana.sy\/es\/index.php?rest_route=\/wp\/v2\/posts"}],"about":[{"href":"https:\/\/archive.sana.sy\/es\/index.php?rest_route=\/wp\/v2\/types\/post"}],"author":[{"embeddable":true,"href":"https:\/\/archive.sana.sy\/es\/index.php?rest_route=\/wp\/v2\/users\/1"}],"replies":[{"embeddable":true,"href":"https:\/\/archive.sana.sy\/es\/index.php?rest_route=%2Fwp%2Fv2%2Fcomments&post=39003"}],"version-history":[{"count":0,"href":"https:\/\/archive.sana.sy\/es\/index.php?rest_route=\/wp\/v2\/posts\/39003\/revisions"}],"wp:featuredmedia":[{"embeddable":true,"href":"https:\/\/archive.sana.sy\/es\/index.php?rest_route=\/wp\/v2\/media\/35771"}],"wp:attachment":[{"href":"https:\/\/archive.sana.sy\/es\/index.php?rest_route=%2Fwp%2Fv2%2Fmedia&parent=39003"}],"wp:term":[{"taxonomy":"category","embeddable":true,"href":"https:\/\/archive.sana.sy\/es\/index.php?rest_route=%2Fwp%2Fv2%2Fcategories&post=39003"},{"taxonomy":"post_tag","embeddable":true,"href":"https:\/\/archive.sana.sy\/es\/index.php?rest_route=%2Fwp%2Fv2%2Ftags&post=39003"}],"curies":[{"name":"wp","href":"https:\/\/api.w.org\/{rel}","templated":true}]}}