{"id":39008,"date":"2016-02-23T16:30:20","date_gmt":"2016-02-23T14:30:20","guid":{"rendered":"http:\/\/www.sana.sy\/es\/?p=39008"},"modified":"2016-02-23T18:04:30","modified_gmt":"2016-02-23T16:04:30","slug":"gobierno-brasileno-condena-recientes-atentados-terroristas-en-homs-y-damasco","status":"publish","type":"post","link":"https:\/\/archive.sana.sy\/es\/?p=39008","title":{"rendered":"Contin\u00faan condenas internacionales contra atentados terroristas en Homs y Damasco"},"content":{"rendered":"<p><span style=\"color: #800000\">Capitales, SANA<\/span><\/p>\n<p style=\"text-align: justify\">El gobierno brasile\u00f1o conden\u00f3 en los t\u00e9rminos m\u00e1s en\u00e9rgicos los atentados terroristas que se produjeron el s\u00e1bado pasado en las ciudad de Sayeda Zeinab y Homs y que causaron la muerte de m\u00e1s de 130 civiles.<\/p>\n<p style=\"text-align: justify\">El gobierno brasile\u00f1o emiti\u00f3 un comunicado en el que manifest\u00f3 que los ataques terroristas no pueden justificarse de ninguna manera y no debe haber lugar en el mundo contempor\u00e1neo a ninguna manifestaciones de extremismo y takfirismo.<\/p>\n<p style=\"text-align: justify\">En la declaraci\u00f3n, el gobierno brasile\u00f1o expres\u00f3 su p\u00e9same a las familias de las v\u00edctimas, y reafirm\u00f3 al mismo tiempo su apoyo a los intentos en curso para encontrar una soluci\u00f3n pol\u00edtica a la crisis en Siria.<\/p>\n<p style=\"text-align: justify\">Tambi\u00e9n hizo hincapi\u00e9 en que Siria y Brasil comparten &#8220;lazos hist\u00f3ricos profundos&#8221; haciendo alusi\u00f3n a la gran comunidad siria en Brasil.<\/p>\n<p>En el mismo contexto, el presidente checo Milo\u0161 Ziman expres\u00f3 sus profundas condolencias a las familias de las v\u00edctimas y al pueblo sirio en estos duros momentos que est\u00e1n viviendo.<\/p>\n<p>La Canciller\u00eda iraqu\u00ed denunci\u00f3 por su parte la serie de atentados terroristas que azotaron el domingo pasado a Siria, se\u00f1alando que estos actos terroristas evidencian la pervertida ideolog\u00eda adoptadas por las organizaciones terroristas, que pretende sembrar la discordia entre los pueblos de la regi\u00f3n.<\/p>\n<p>Asimismo exigi\u00f3 a la comunidad internacional que redoble esfuerzos para lograr la paz en Siria lejos de los conflictos y las propias aspiraciones de algunos pa\u00edses internacionales, lo que garantice al pueblo sirio una vida digna y lo salva de las guerras.<\/p>\n<p>A su vez, el secretario general de la ONU, Ban Ki moon destac\u00f3 la necesidad enjuiciar a los autores de estos ataques b\u00e1rbaros y deliberadas cometidos contra los civiles.<\/p>\n<p style=\"text-align: justify\">Fady M., Hala B., Lynn A.<\/p>\n","protected":false},"excerpt":{"rendered":"<p>Capitales, SANA El gobierno brasile\u00f1o conden\u00f3 en los t\u00e9rminos m\u00e1s en\u00e9rgicos los atentados terroristas que se produjeron el s\u00e1bado pasado en las ciudad de Sayeda Zeinab y Homs y que causaron la muerte de m\u00e1s de 130 civiles. El gobierno brasile\u00f1o emiti\u00f3 un comunicado en el que manifest\u00f3 que los ataques terroristas no pueden justificarse &hellip;<\/p>\n","protected":false},"author":1,"featured_media":39009,"comment_status":"closed","ping_status":"closed","sticky":false,"template":"","format":"standard","meta":{"footnotes":""},"categories":[597,456,576,7541],"tags":[8084],"class_list":["post-39008","post","type-post","status-publish","format-standard","has-post-thumbnail","","category-cinta-de-noticias","category-arabe-internacional-politica","category-noticias-politicas","category-ultimas-noticias","tag-gobierno-brasileno-condena-recientes-atentados-terroristas-en-homs-y-damasco"],"_links":{"self":[{"href":"https:\/\/archive.sana.sy\/es\/index.php?rest_route=\/wp\/v2\/posts\/39008"}],"collection":[{"href":"https:\/\/archive.sana.sy\/es\/index.php?rest_route=\/wp\/v2\/posts"}],"about":[{"href":"https:\/\/archive.sana.sy\/es\/index.php?rest_route=\/wp\/v2\/types\/post"}],"author":[{"embeddable":true,"href":"https:\/\/archive.sana.sy\/es\/index.php?rest_route=\/wp\/v2\/users\/1"}],"replies":[{"embeddable":true,"href":"https:\/\/archive.sana.sy\/es\/index.php?rest_route=%2Fwp%2Fv2%2Fcomments&post=39008"}],"version-history":[{"count":0,"href":"https:\/\/archive.sana.sy\/es\/index.php?rest_route=\/wp\/v2\/posts\/39008\/revisions"}],"wp:featuredmedia":[{"embeddable":true,"href":"https:\/\/archive.sana.sy\/es\/index.php?rest_route=\/wp\/v2\/media\/39009"}],"wp:attachment":[{"href":"https:\/\/archive.sana.sy\/es\/index.php?rest_route=%2Fwp%2Fv2%2Fmedia&parent=39008"}],"wp:term":[{"taxonomy":"category","embeddable":true,"href":"https:\/\/archive.sana.sy\/es\/index.php?rest_route=%2Fwp%2Fv2%2Fcategories&post=39008"},{"taxonomy":"post_tag","embeddable":true,"href":"https:\/\/archive.sana.sy\/es\/index.php?rest_route=%2Fwp%2Fv2%2Ftags&post=39008"}],"curies":[{"name":"wp","href":"https:\/\/api.w.org\/{rel}","templated":true}]}}