{"id":39013,"date":"2016-02-23T15:47:43","date_gmt":"2016-02-23T13:47:43","guid":{"rendered":"http:\/\/www.sana.sy\/es\/?p=39013"},"modified":"2016-02-23T15:47:43","modified_gmt":"2016-02-23T13:47:43","slug":"martires-y-heridos-en-ataques-de-los-terroristas-del-ei-contra-deir-ezzor","status":"publish","type":"post","link":"https:\/\/archive.sana.sy\/es\/?p=39013","title":{"rendered":"M\u00e1rtires y heridos en ataques de los terroristas del EI contra Deir Ezzor"},"content":{"rendered":"<p style=\"text-align: justify\"><span style=\"color: #800000\">Deir Ezzor, SANA<\/span><\/p>\n<p style=\"text-align: justify\">Los terroristas de la organizaci\u00f3n takfirista del Estado Isl\u00e1mico han vuelto a bombardear con mortero a los barrios seguros de la ciudad de Deir Ezzor.<\/p>\n<p style=\"text-align: justify\">Seg\u00fan una fuente militar, varios proyectiles de morteros impactaron \u00a0en las casas de los ciudadanos, causando la muerte de dos civiles y heridos a otros 14.<\/p>\n<p style=\"text-align: justify\">La fuente precis\u00f3 que los barrios atacados son Al Joura y al Qussur .<\/p>\n<p style=\"text-align: justify\"><span style=\"color: #0000ff\"><strong>Fady M., Hala B.<\/strong><\/span><\/p>\n","protected":false},"excerpt":{"rendered":"<p>Deir Ezzor, SANA Los terroristas de la organizaci\u00f3n takfirista del Estado Isl\u00e1mico han vuelto a bombardear con mortero a los barrios seguros de la ciudad de Deir Ezzor. Seg\u00fan una fuente militar, varios proyectiles de morteros impactaron \u00a0en las casas de los ciudadanos, causando la muerte de dos civiles y heridos a otros 14. La &hellip;<\/p>\n","protected":false},"author":1,"featured_media":32317,"comment_status":"closed","ping_status":"closed","sticky":false,"template":"","format":"standard","meta":{"footnotes":""},"categories":[477,597,476,7541],"tags":[8086],"class_list":["post-39013","post","type-post","status-publish","format-standard","has-post-thumbnail","","category-noticias-edulcorantes","category-cinta-de-noticias","category-locales","category-ultimas-noticias","tag-martires-y-heridos-en-ataques-de-los-terroristas-del-ei-contra-deir-ezzor"],"_links":{"self":[{"href":"https:\/\/archive.sana.sy\/es\/index.php?rest_route=\/wp\/v2\/posts\/39013"}],"collection":[{"href":"https:\/\/archive.sana.sy\/es\/index.php?rest_route=\/wp\/v2\/posts"}],"about":[{"href":"https:\/\/archive.sana.sy\/es\/index.php?rest_route=\/wp\/v2\/types\/post"}],"author":[{"embeddable":true,"href":"https:\/\/archive.sana.sy\/es\/index.php?rest_route=\/wp\/v2\/users\/1"}],"replies":[{"embeddable":true,"href":"https:\/\/archive.sana.sy\/es\/index.php?rest_route=%2Fwp%2Fv2%2Fcomments&post=39013"}],"version-history":[{"count":0,"href":"https:\/\/archive.sana.sy\/es\/index.php?rest_route=\/wp\/v2\/posts\/39013\/revisions"}],"wp:featuredmedia":[{"embeddable":true,"href":"https:\/\/archive.sana.sy\/es\/index.php?rest_route=\/wp\/v2\/media\/32317"}],"wp:attachment":[{"href":"https:\/\/archive.sana.sy\/es\/index.php?rest_route=%2Fwp%2Fv2%2Fmedia&parent=39013"}],"wp:term":[{"taxonomy":"category","embeddable":true,"href":"https:\/\/archive.sana.sy\/es\/index.php?rest_route=%2Fwp%2Fv2%2Fcategories&post=39013"},{"taxonomy":"post_tag","embeddable":true,"href":"https:\/\/archive.sana.sy\/es\/index.php?rest_route=%2Fwp%2Fv2%2Ftags&post=39013"}],"curies":[{"name":"wp","href":"https:\/\/api.w.org\/{rel}","templated":true}]}}