{"id":39021,"date":"2016-02-23T17:14:51","date_gmt":"2016-02-23T15:14:51","guid":{"rendered":"http:\/\/www.sana.sy\/es\/?p=39021"},"modified":"2016-02-23T17:15:04","modified_gmt":"2016-02-23T15:15:04","slug":"comite-judicial-supremo-electoral-determina-subcomites-en-las-provincias-y-los-comites-de-candidatura","status":"publish","type":"post","link":"https:\/\/archive.sana.sy\/es\/?p=39021","title":{"rendered":"Comit\u00e9 Judicial Supremo Electoral determina subcomit\u00e9s en las provincias y los comit\u00e9s de candidatura"},"content":{"rendered":"<p><span style=\"color: #800000\">Damasco, SANA<\/span><\/p>\n<p>El presidente del Comit\u00e9 Judicial Supremo Electoral, el juez, Hisham al-Shaar anunci\u00f3 que el mismo sostuvo una reuni\u00f3n tras la emisi\u00f3n del decreto No. 63 para el a\u00f1o 2016 relacionado con las elecciones legislativas para el segundo periodo legislativo, seg\u00fan la cual determin\u00f3 los subcomit\u00e9s en las provincias y los comit\u00e9s de las candidaturas.<\/p>\n<p>Al-Shaar declar\u00f3 a la prensa que el CJSPE tomar\u00e1 todas las medidas que posibilitar\u00e1n a los electores cumplir con toda facilidad y seguridad su deber constitucional.<\/p>\n<p>Cabe destacar que el decreto presidencial promulgado ayer el lunes fij\u00f3 el mi\u00e9rcoles, 13\/04\/2016 como fecha para la celebraci\u00f3n de las elecciones parlamentarias.<\/p>\n<p>&nbsp;<\/p>\n<p>Lynn A.<\/p>\n","protected":false},"excerpt":{"rendered":"<p>Damasco, SANA El presidente del Comit\u00e9 Judicial Supremo Electoral, el juez, Hisham al-Shaar anunci\u00f3 que el mismo sostuvo una reuni\u00f3n tras la emisi\u00f3n del decreto No. 63 para el a\u00f1o 2016 relacionado con las elecciones legislativas para el segundo periodo legislativo, seg\u00fan la cual determin\u00f3 los subcomit\u00e9s en las provincias y los comit\u00e9s de las &hellip;<\/p>\n","protected":false},"author":24,"featured_media":39022,"comment_status":"closed","ping_status":"closed","sticky":false,"template":"","format":"standard","meta":{"footnotes":""},"categories":[477,597,476,7541],"tags":[],"class_list":["post-39021","post","type-post","status-publish","format-standard","has-post-thumbnail","","category-noticias-edulcorantes","category-cinta-de-noticias","category-locales","category-ultimas-noticias"],"_links":{"self":[{"href":"https:\/\/archive.sana.sy\/es\/index.php?rest_route=\/wp\/v2\/posts\/39021"}],"collection":[{"href":"https:\/\/archive.sana.sy\/es\/index.php?rest_route=\/wp\/v2\/posts"}],"about":[{"href":"https:\/\/archive.sana.sy\/es\/index.php?rest_route=\/wp\/v2\/types\/post"}],"author":[{"embeddable":true,"href":"https:\/\/archive.sana.sy\/es\/index.php?rest_route=\/wp\/v2\/users\/24"}],"replies":[{"embeddable":true,"href":"https:\/\/archive.sana.sy\/es\/index.php?rest_route=%2Fwp%2Fv2%2Fcomments&post=39021"}],"version-history":[{"count":0,"href":"https:\/\/archive.sana.sy\/es\/index.php?rest_route=\/wp\/v2\/posts\/39021\/revisions"}],"wp:featuredmedia":[{"embeddable":true,"href":"https:\/\/archive.sana.sy\/es\/index.php?rest_route=\/wp\/v2\/media\/39022"}],"wp:attachment":[{"href":"https:\/\/archive.sana.sy\/es\/index.php?rest_route=%2Fwp%2Fv2%2Fmedia&parent=39021"}],"wp:term":[{"taxonomy":"category","embeddable":true,"href":"https:\/\/archive.sana.sy\/es\/index.php?rest_route=%2Fwp%2Fv2%2Fcategories&post=39021"},{"taxonomy":"post_tag","embeddable":true,"href":"https:\/\/archive.sana.sy\/es\/index.php?rest_route=%2Fwp%2Fv2%2Ftags&post=39021"}],"curies":[{"name":"wp","href":"https:\/\/api.w.org\/{rel}","templated":true}]}}