{"id":39033,"date":"2016-02-23T18:26:44","date_gmt":"2016-02-23T16:26:44","guid":{"rendered":"http:\/\/www.sana.sy\/es\/?p=39033"},"modified":"2016-02-23T19:53:14","modified_gmt":"2016-02-23T17:53:14","slug":"vicecanciller-se-reune-con-el-presidente-del-cicr-en-damasco","status":"publish","type":"post","link":"https:\/\/archive.sana.sy\/es\/?p=39033","title":{"rendered":"Vicecanciller se re\u00fane con el Presidente del CICR en Damasco"},"content":{"rendered":"<p><span style=\"color: #800000\">Damasco, SANA<\/span><\/p>\n<p>El vicecanciller, Faisal al-Miqdad se reuni\u00f3 esta ma\u00f1ana con el presidente del Comit\u00e9 Internacional de la Cruz Roja (CICR), Peter Maurer y la delegaci\u00f3n que lo acompa\u00f1a.<\/p>\n<p>Durante la reuni\u00f3n, ambas partes debatieron las v\u00edas de reforzar la coordinaci\u00f3n y cooperaci\u00f3n entre Siria y el CICR en materia de la asistencia humanitaria, y el env\u00edo de convoyes de ayuda humanitaria a todas las zonas sirias.<\/p>\n<p>Al-Miqdad reiter\u00f3 que Siria est\u00e1 cumpliendo todos sus deberes y responsabilidades hacia sus ciudadanos afectados por el terrorismo y las medidas coercitivas y unilaterales impuestas por los pa\u00edses occidentales, as\u00ed como se esfuerza para hacer llegar las ayudas alimentarias y sanitarias a todos los necesitados.<\/p>\n<p>En este contexto, el Vicecanciller reiter\u00f3 la necesidad de respetar la soberan\u00eda de Siria para sacar beneficio m\u00e1ximo de las capacidades del CICR.<\/p>\n<p>Asimismo alab\u00f3 el trascendente papel desempe\u00f1ado por la organizaci\u00f3n de la Media Luna Roja \u00c1rabe Siria en materia de la labor humanitaria y de auxilio en coordinaci\u00f3n con el CICR.<\/p>\n<p>A su vez, Maurer manifest\u00f3 el inter\u00e9s del CICR a cumplir su misi\u00f3n humanitaria en coordinaci\u00f3n con el gobierno sirio, as\u00ed como elevar el nivel de la cooperaci\u00f3n con la organizaci\u00f3n de la MLRAS.<\/p>\n<p>&nbsp;<\/p>\n<p>Lynn A.<\/p>\n","protected":false},"excerpt":{"rendered":"<p>Damasco, SANA El vicecanciller, Faisal al-Miqdad se reuni\u00f3 esta ma\u00f1ana con el presidente del Comit\u00e9 Internacional de la Cruz Roja (CICR), Peter Maurer y la delegaci\u00f3n que lo acompa\u00f1a. Durante la reuni\u00f3n, ambas partes debatieron las v\u00edas de reforzar la coordinaci\u00f3n y cooperaci\u00f3n entre Siria y el CICR en materia de la asistencia humanitaria, y &hellip;<\/p>\n","protected":false},"author":24,"featured_media":39035,"comment_status":"closed","ping_status":"closed","sticky":false,"template":"","format":"standard","meta":{"footnotes":""},"categories":[477,597,476,583,7541],"tags":[],"class_list":["post-39033","post","type-post","status-publish","format-standard","has-post-thumbnail","","category-noticias-edulcorantes","category-cinta-de-noticias","category-locales","category-slide","category-ultimas-noticias"],"_links":{"self":[{"href":"https:\/\/archive.sana.sy\/es\/index.php?rest_route=\/wp\/v2\/posts\/39033"}],"collection":[{"href":"https:\/\/archive.sana.sy\/es\/index.php?rest_route=\/wp\/v2\/posts"}],"about":[{"href":"https:\/\/archive.sana.sy\/es\/index.php?rest_route=\/wp\/v2\/types\/post"}],"author":[{"embeddable":true,"href":"https:\/\/archive.sana.sy\/es\/index.php?rest_route=\/wp\/v2\/users\/24"}],"replies":[{"embeddable":true,"href":"https:\/\/archive.sana.sy\/es\/index.php?rest_route=%2Fwp%2Fv2%2Fcomments&post=39033"}],"version-history":[{"count":0,"href":"https:\/\/archive.sana.sy\/es\/index.php?rest_route=\/wp\/v2\/posts\/39033\/revisions"}],"wp:featuredmedia":[{"embeddable":true,"href":"https:\/\/archive.sana.sy\/es\/index.php?rest_route=\/wp\/v2\/media\/39035"}],"wp:attachment":[{"href":"https:\/\/archive.sana.sy\/es\/index.php?rest_route=%2Fwp%2Fv2%2Fmedia&parent=39033"}],"wp:term":[{"taxonomy":"category","embeddable":true,"href":"https:\/\/archive.sana.sy\/es\/index.php?rest_route=%2Fwp%2Fv2%2Fcategories&post=39033"},{"taxonomy":"post_tag","embeddable":true,"href":"https:\/\/archive.sana.sy\/es\/index.php?rest_route=%2Fwp%2Fv2%2Ftags&post=39033"}],"curies":[{"name":"wp","href":"https:\/\/api.w.org\/{rel}","templated":true}]}}