{"id":39054,"date":"2016-02-24T12:10:07","date_gmt":"2016-02-24T10:10:07","guid":{"rendered":"http:\/\/www.sana.sy\/es\/?p=39054"},"modified":"2016-02-24T12:10:07","modified_gmt":"2016-02-24T10:10:07","slug":"consejo-de-seguridad-condena-recientes-atentados-terroristas-en-sayeda-zeinab-y-homs","status":"publish","type":"post","link":"https:\/\/archive.sana.sy\/es\/?p=39054","title":{"rendered":"Consejo de Seguridad condena recientes atentados terroristas en Sayeda Zeinab y Homs"},"content":{"rendered":"<p style=\"text-align: justify\"><span style=\"color: #800000\">Nueva York, SANA<\/span><\/p>\n<p style=\"text-align: justify\">\nEl Consejo de Seguridad de la ONU conden\u00f3 en\u00e9rgicamente este martes los atentados terroristas que tuvieron lugar el pasado domingo en la ciudad de Sayeda Zeinab en Damasco-campo y en el distrito al Zahra en la ciudad de Homs.<\/p>\n<p style=\"text-align: justify\">\nAsimismo, expres\u00f3 sus condolencias a las familias de las v\u00edctimas e inst\u00f3 a la reanudaci\u00f3n del di\u00e1logo intersirio en Ginebra tan pronto como sea posible.<\/p>\n<p style=\"text-align: justify\">\nUnos 130 civiles murieron el domingo y decenas resultaron lesionados en una serie de atentados terroristas suicidas con coches bomba contra la ciudad de Sayeda Zeinab en Damasco-campo y el distrito al Zahra en la ciudad de Homs.<\/p>\n<p style=\"text-align: justify\"><span style=\"color: #0000ff\">Fady M., Hala B.<\/span><\/p>\n","protected":false},"excerpt":{"rendered":"<p>Nueva York, SANA El Consejo de Seguridad de la ONU conden\u00f3 en\u00e9rgicamente este martes los atentados terroristas que tuvieron lugar el pasado domingo en la ciudad de Sayeda Zeinab en Damasco-campo y en el distrito al Zahra en la ciudad de Homs. Asimismo, expres\u00f3 sus condolencias a las familias de las v\u00edctimas e inst\u00f3 a &hellip;<\/p>\n","protected":false},"author":1,"featured_media":39055,"comment_status":"closed","ping_status":"closed","sticky":false,"template":"","format":"standard","meta":{"footnotes":""},"categories":[597,456,457,576],"tags":[],"class_list":["post-39054","post","type-post","status-publish","format-standard","has-post-thumbnail","","category-cinta-de-noticias","category-arabe-internacional-politica","category-noticias-arabe-internacional-politica","category-noticias-politicas"],"_links":{"self":[{"href":"https:\/\/archive.sana.sy\/es\/index.php?rest_route=\/wp\/v2\/posts\/39054"}],"collection":[{"href":"https:\/\/archive.sana.sy\/es\/index.php?rest_route=\/wp\/v2\/posts"}],"about":[{"href":"https:\/\/archive.sana.sy\/es\/index.php?rest_route=\/wp\/v2\/types\/post"}],"author":[{"embeddable":true,"href":"https:\/\/archive.sana.sy\/es\/index.php?rest_route=\/wp\/v2\/users\/1"}],"replies":[{"embeddable":true,"href":"https:\/\/archive.sana.sy\/es\/index.php?rest_route=%2Fwp%2Fv2%2Fcomments&post=39054"}],"version-history":[{"count":0,"href":"https:\/\/archive.sana.sy\/es\/index.php?rest_route=\/wp\/v2\/posts\/39054\/revisions"}],"wp:featuredmedia":[{"embeddable":true,"href":"https:\/\/archive.sana.sy\/es\/index.php?rest_route=\/wp\/v2\/media\/39055"}],"wp:attachment":[{"href":"https:\/\/archive.sana.sy\/es\/index.php?rest_route=%2Fwp%2Fv2%2Fmedia&parent=39054"}],"wp:term":[{"taxonomy":"category","embeddable":true,"href":"https:\/\/archive.sana.sy\/es\/index.php?rest_route=%2Fwp%2Fv2%2Fcategories&post=39054"},{"taxonomy":"post_tag","embeddable":true,"href":"https:\/\/archive.sana.sy\/es\/index.php?rest_route=%2Fwp%2Fv2%2Ftags&post=39054"}],"curies":[{"name":"wp","href":"https:\/\/api.w.org\/{rel}","templated":true}]}}