{"id":39063,"date":"2016-02-24T13:28:52","date_gmt":"2016-02-24T11:28:52","guid":{"rendered":"http:\/\/www.sana.sy\/es\/?p=39063"},"modified":"2016-02-24T13:28:52","modified_gmt":"2016-02-24T11:28:52","slug":"parlamento-cuestiona-al-ministro-de-comercio-interior-y-proteccion-del-consumidor","status":"publish","type":"post","link":"https:\/\/archive.sana.sy\/es\/?p=39063","title":{"rendered":"Parlamento cuestiona al Ministro de Comercio Interior y Protecci\u00f3n del Consumidor"},"content":{"rendered":"<p style=\"text-align: justify\"><span style=\"color: #800000\">Damasco, SANA<\/span><\/p>\n<p style=\"text-align: justify\">La Asamblea del Pueblo cuestion\u00f3 en su reuni\u00f3n celebrada este mi\u00e9rcoles, al Ministro de Comercio Interior y Protecci\u00f3n al Consumidor, Jamal Shahin.<\/p>\n<p style=\"text-align: justify\">La sesi\u00f3n de cuestionamiento fue solicitada por el diputado \u00a0Safwan al-Qirbi.<\/p>\n<p style=\"text-align: justify\">El ministro Shahin respondi\u00f3 a las preguntas de los diputados relacionadas con el trabajo del ministerio de Comercio Interior y Protecci\u00f3n al Consumidor y su desempe\u00f1o durante la crisis, adem\u00e1s de las medidas adoptadas para controlar el mercado y limitar el aumento de los precios.<\/p>\n<p style=\"text-align: justify\">El presidente del Parlamento, Mohammed Jihad al Laham, dijo \u00a0que el cuestionamiento es una necesidad y llam\u00f3 a los parlamentarios a presentar datos precisos sobre resoluciones adoptadas que han tenido impacto negativos sobre los ciudadanos o la falta de acci\u00f3n lo que ha dejado efectivos negativos en la vida de los ciudadanos.<\/p>\n<p style=\"text-align: justify\"><span style=\"color: #0000ff\"><strong>Fady M., Hala B.<\/strong><\/span><\/p>\n","protected":false},"excerpt":{"rendered":"<p>Damasco, SANA La Asamblea del Pueblo cuestion\u00f3 en su reuni\u00f3n celebrada este mi\u00e9rcoles, al Ministro de Comercio Interior y Protecci\u00f3n al Consumidor, Jamal Shahin. La sesi\u00f3n de cuestionamiento fue solicitada por el diputado \u00a0Safwan al-Qirbi. El ministro Shahin respondi\u00f3 a las preguntas de los diputados relacionadas con el trabajo del ministerio de Comercio Interior y &hellip;<\/p>\n","protected":false},"author":1,"featured_media":39064,"comment_status":"closed","ping_status":"closed","sticky":false,"template":"","format":"standard","meta":{"footnotes":""},"categories":[477,597,476,7541],"tags":[8092],"class_list":["post-39063","post","type-post","status-publish","format-standard","has-post-thumbnail","","category-noticias-edulcorantes","category-cinta-de-noticias","category-locales","category-ultimas-noticias","tag-parlamento-cuestiona-al-ministro-de-comercio-interior-y-proteccion-del-consumidor"],"_links":{"self":[{"href":"https:\/\/archive.sana.sy\/es\/index.php?rest_route=\/wp\/v2\/posts\/39063"}],"collection":[{"href":"https:\/\/archive.sana.sy\/es\/index.php?rest_route=\/wp\/v2\/posts"}],"about":[{"href":"https:\/\/archive.sana.sy\/es\/index.php?rest_route=\/wp\/v2\/types\/post"}],"author":[{"embeddable":true,"href":"https:\/\/archive.sana.sy\/es\/index.php?rest_route=\/wp\/v2\/users\/1"}],"replies":[{"embeddable":true,"href":"https:\/\/archive.sana.sy\/es\/index.php?rest_route=%2Fwp%2Fv2%2Fcomments&post=39063"}],"version-history":[{"count":0,"href":"https:\/\/archive.sana.sy\/es\/index.php?rest_route=\/wp\/v2\/posts\/39063\/revisions"}],"wp:featuredmedia":[{"embeddable":true,"href":"https:\/\/archive.sana.sy\/es\/index.php?rest_route=\/wp\/v2\/media\/39064"}],"wp:attachment":[{"href":"https:\/\/archive.sana.sy\/es\/index.php?rest_route=%2Fwp%2Fv2%2Fmedia&parent=39063"}],"wp:term":[{"taxonomy":"category","embeddable":true,"href":"https:\/\/archive.sana.sy\/es\/index.php?rest_route=%2Fwp%2Fv2%2Fcategories&post=39063"},{"taxonomy":"post_tag","embeddable":true,"href":"https:\/\/archive.sana.sy\/es\/index.php?rest_route=%2Fwp%2Fv2%2Ftags&post=39063"}],"curies":[{"name":"wp","href":"https:\/\/api.w.org\/{rel}","templated":true}]}}