{"id":39066,"date":"2016-02-24T14:04:42","date_gmt":"2016-02-24T12:04:42","guid":{"rendered":"http:\/\/www.sana.sy\/es\/?p=39066"},"modified":"2016-02-24T14:04:42","modified_gmt":"2016-02-24T12:04:42","slug":"jamenei-advierte-que-el-enemigo-trata-de-sembrar-discordia-y-dividir-al-pueblo-irani","status":"publish","type":"post","link":"https:\/\/archive.sana.sy\/es\/?p=39066","title":{"rendered":"Jamenei advierte que el enemigo trata de sembrar discordia y dividir al pueblo iran\u00ed"},"content":{"rendered":"<p style=\"text-align: justify\"><span style=\"color: #800000\">Teher\u00e1n, SANA<\/span><\/p>\n<p style=\"text-align: justify\">El L\u00edder de la Revoluci\u00f3n Isl\u00e1mica de Ir\u00e1n, Ali Jamenei, asegur\u00f3 este mi\u00e9rcoles que el pueblo iran\u00ed quiere un Parlamento que respete la independencia del pa\u00eds.<\/p>\n<p style=\"text-align: justify\">El L\u00edder iran\u00ed, durante su discurso en el encuentro con los ciudadanos de Najafabad en Teher\u00e1n, reiter\u00f3 que los ciudadanos de Ir\u00e1n prefieren un Parlamento que tenga como prioridad proteger la independencia y el orgullo de la naci\u00f3n, resista ante la codicia de los enemigos y obligue al Gobierno iran\u00ed a potenciar la econom\u00eda nacional y autosuficiente.<\/p>\n<p style=\"text-align: justify\">Asimismo, hizo alusi\u00f3n a los trucos de los enemigos para dividir al pueblo de Ir\u00e1n, y afirm\u00f3 que en estos momentos la naci\u00f3n necesita un Parlamento que sea valiente y que no se deje ser intimidado por Estados Unidos.<\/p>\n<p style=\"text-align: justify\">Tambi\u00e9n destac\u00f3 que EE.UU., tras alcanzar el acuerdo nuclear con Teher\u00e1n, tiene planes para Oriente Medio y para Ir\u00e1n, de ah\u00ed que haya pedido al pueblo mantenerse vigilante ante los intentos del enemigo para ejercer influencia sobre el pa\u00eds.<\/p>\n<p style=\"text-align: justify\">Igualmente, ha advertido que el enemigo est\u00e1 tratando de sembrar discordia y dividir al pueblo iran\u00ed usando las elecciones parlamentarias y de la Asamblea de Expertos como excusa.<\/p>\n<p style=\"text-align: justify\"><span style=\"color: #0000ff\">\u00a0<\/span><br \/>\n<span style=\"color: #0000ff\"><strong>Fady M., Hala B.<\/strong><\/span><\/p>\n","protected":false},"excerpt":{"rendered":"<p>Teher\u00e1n, SANA El L\u00edder de la Revoluci\u00f3n Isl\u00e1mica de Ir\u00e1n, Ali Jamenei, asegur\u00f3 este mi\u00e9rcoles que el pueblo iran\u00ed quiere un Parlamento que respete la independencia del pa\u00eds. El L\u00edder iran\u00ed, durante su discurso en el encuentro con los ciudadanos de Najafabad en Teher\u00e1n, reiter\u00f3 que los ciudadanos de Ir\u00e1n prefieren un Parlamento que tenga &hellip;<\/p>\n","protected":false},"author":1,"featured_media":39067,"comment_status":"closed","ping_status":"closed","sticky":false,"template":"","format":"standard","meta":{"footnotes":""},"categories":[597,456,457,576],"tags":[8093],"class_list":["post-39066","post","type-post","status-publish","format-standard","has-post-thumbnail","","category-cinta-de-noticias","category-arabe-internacional-politica","category-noticias-arabe-internacional-politica","category-noticias-politicas","tag-jamenei-advierte-que-el-enemigo-trata-de-sembrar-discordia-y-dividir-al-pueblo-irani"],"_links":{"self":[{"href":"https:\/\/archive.sana.sy\/es\/index.php?rest_route=\/wp\/v2\/posts\/39066"}],"collection":[{"href":"https:\/\/archive.sana.sy\/es\/index.php?rest_route=\/wp\/v2\/posts"}],"about":[{"href":"https:\/\/archive.sana.sy\/es\/index.php?rest_route=\/wp\/v2\/types\/post"}],"author":[{"embeddable":true,"href":"https:\/\/archive.sana.sy\/es\/index.php?rest_route=\/wp\/v2\/users\/1"}],"replies":[{"embeddable":true,"href":"https:\/\/archive.sana.sy\/es\/index.php?rest_route=%2Fwp%2Fv2%2Fcomments&post=39066"}],"version-history":[{"count":0,"href":"https:\/\/archive.sana.sy\/es\/index.php?rest_route=\/wp\/v2\/posts\/39066\/revisions"}],"wp:featuredmedia":[{"embeddable":true,"href":"https:\/\/archive.sana.sy\/es\/index.php?rest_route=\/wp\/v2\/media\/39067"}],"wp:attachment":[{"href":"https:\/\/archive.sana.sy\/es\/index.php?rest_route=%2Fwp%2Fv2%2Fmedia&parent=39066"}],"wp:term":[{"taxonomy":"category","embeddable":true,"href":"https:\/\/archive.sana.sy\/es\/index.php?rest_route=%2Fwp%2Fv2%2Fcategories&post=39066"},{"taxonomy":"post_tag","embeddable":true,"href":"https:\/\/archive.sana.sy\/es\/index.php?rest_route=%2Fwp%2Fv2%2Ftags&post=39066"}],"curies":[{"name":"wp","href":"https:\/\/api.w.org\/{rel}","templated":true}]}}