{"id":39069,"date":"2016-02-24T14:06:43","date_gmt":"2016-02-24T12:06:43","guid":{"rendered":"http:\/\/www.sana.sy\/es\/?p=39069"},"modified":"2016-02-24T14:06:43","modified_gmt":"2016-02-24T12:06:43","slug":"lavrov-las-declaraciones-que-cuestionan-el-acuerdo-ruso-estadounidense-son-llamados-a-la-guerra-y-no-a-la-paz","status":"publish","type":"post","link":"https:\/\/archive.sana.sy\/es\/?p=39069","title":{"rendered":"Lavrov: las declaraciones que cuestionan el acuerdo ruso-estadounidense son llamados a la guerra y no a la paz"},"content":{"rendered":"<p style=\"text-align: justify\"><span style=\"color: #800000\">Mosc\u00fa, SANA<\/span><\/p>\n<p style=\"text-align: justify\">El ministro de Exteriores de Rusia, Sergu\u00e9i Lavrov, consider\u00f3 que &#8220;las declaraciones que cuestionan el acuerdo de Rusia y EE.UU. sobre el cese de las hostilidades en Siria son llamados a la guerra y no a la paz&#8221;.<\/p>\n<p style=\"text-align: justify\">El canciller ruso aclar\u00f3 que los aliados de Estados Unidos ponen en duda el acuerdo alcanzado por Washington y Mosc\u00fa sobre la tregua en Siria, destacando que esa posici\u00f3n no puede indicar su deseo de paz.<\/p>\n<p style=\"text-align: justify\">La afirmaci\u00f3n de Lavrov se produjo en el marco de un encuentro con el director ejecutivo del fondo estadounidense &#8220;Iniciativa para la reducci\u00f3n de la amenaza nuclear&#8221;, Sam Nunn.<\/p>\n<p style=\"text-align: justify\">El jefe d ela diplomacia rusa a\u00f1adi\u00f3 que &#8220;inmediatamente despu\u00e9s de que los presidentes de Rusia y Estados Unidos aprobaran la iniciativa de alto el fuego en Siria, desde las capitales de los aliados de EE.UU. empezaron a sonar voces que cuestionan la viabilidad del acuerdo&#8221;.<\/p>\n<p style=\"text-align: justify\">Sostuvo que esas voces suenan llamados a la guerra y no la paz.<\/p>\n<p style=\"text-align: justify\"><span style=\"color: #0000ff\"><strong>Fady M., Hala B.<\/strong><\/span><\/p>\n","protected":false},"excerpt":{"rendered":"<p>Mosc\u00fa, SANA El ministro de Exteriores de Rusia, Sergu\u00e9i Lavrov, consider\u00f3 que &#8220;las declaraciones que cuestionan el acuerdo de Rusia y EE.UU. sobre el cese de las hostilidades en Siria son llamados a la guerra y no a la paz&#8221;. El canciller ruso aclar\u00f3 que los aliados de Estados Unidos ponen en duda el acuerdo &hellip;<\/p>\n","protected":false},"author":1,"featured_media":35865,"comment_status":"closed","ping_status":"closed","sticky":false,"template":"","format":"standard","meta":{"footnotes":""},"categories":[597,457,576,7541],"tags":[8094],"class_list":["post-39069","post","type-post","status-publish","format-standard","has-post-thumbnail","","category-cinta-de-noticias","category-noticias-arabe-internacional-politica","category-noticias-politicas","category-ultimas-noticias","tag-lavrov-las-declaraciones-que-cuestionan-el-acuerdo-ruso-estadounidense-son-llamados-a-la-guerra-y-no-a-la-paz"],"_links":{"self":[{"href":"https:\/\/archive.sana.sy\/es\/index.php?rest_route=\/wp\/v2\/posts\/39069"}],"collection":[{"href":"https:\/\/archive.sana.sy\/es\/index.php?rest_route=\/wp\/v2\/posts"}],"about":[{"href":"https:\/\/archive.sana.sy\/es\/index.php?rest_route=\/wp\/v2\/types\/post"}],"author":[{"embeddable":true,"href":"https:\/\/archive.sana.sy\/es\/index.php?rest_route=\/wp\/v2\/users\/1"}],"replies":[{"embeddable":true,"href":"https:\/\/archive.sana.sy\/es\/index.php?rest_route=%2Fwp%2Fv2%2Fcomments&post=39069"}],"version-history":[{"count":0,"href":"https:\/\/archive.sana.sy\/es\/index.php?rest_route=\/wp\/v2\/posts\/39069\/revisions"}],"wp:featuredmedia":[{"embeddable":true,"href":"https:\/\/archive.sana.sy\/es\/index.php?rest_route=\/wp\/v2\/media\/35865"}],"wp:attachment":[{"href":"https:\/\/archive.sana.sy\/es\/index.php?rest_route=%2Fwp%2Fv2%2Fmedia&parent=39069"}],"wp:term":[{"taxonomy":"category","embeddable":true,"href":"https:\/\/archive.sana.sy\/es\/index.php?rest_route=%2Fwp%2Fv2%2Fcategories&post=39069"},{"taxonomy":"post_tag","embeddable":true,"href":"https:\/\/archive.sana.sy\/es\/index.php?rest_route=%2Fwp%2Fv2%2Ftags&post=39069"}],"curies":[{"name":"wp","href":"https:\/\/api.w.org\/{rel}","templated":true}]}}