{"id":39088,"date":"2016-02-24T16:36:26","date_gmt":"2016-02-24T14:36:26","guid":{"rendered":"http:\/\/www.sana.sy\/es\/?p=39088"},"modified":"2023-01-10T15:29:03","modified_gmt":"2023-01-10T13:29:03","slug":"camara-de-industria-de-alepo-realiza-una-exposicion-de-textiles-en-damasco","status":"publish","type":"post","link":"https:\/\/archive.sana.sy\/es\/?p=39088","title":{"rendered":"C\u00e1mara de Industria de Alepo realiza una exposici\u00f3n de textiles en Damasco"},"content":{"rendered":"<p><span style=\"color: #800000\">Damasco, SANA<\/span><\/p>\n<p>La C\u00e1mara de Industria de Alepo anunci\u00f3 este mi\u00e9rcoles la celebraci\u00f3n de la exposici\u00f3n de \u201cKhan al-Harir\u201d especializado en textiles entre el 6 y el 8 del pr\u00f3ximo mes de marzo en el hotel de Dama Rose en Damasco.<\/p>\n<p>En un comunicado, la C\u00e1mara aclar\u00f3 que en la exposici\u00f3n participar\u00e1n las m\u00e1s destacadas compa\u00f1\u00edas y f\u00e1bricas de textiles y de prendas de vestir alepinos que no dejaron de producir pese a la crisis que vive el pa\u00eds.<\/p>\n<p>Cabe recordar que esta exposici\u00f3n es la primera realizada por la C\u00e1mara de Industria de Alepo en Damasco desde el inicio de la crisis.<\/p>\n<p>&nbsp;<\/p>\n<p>Lynn A.<\/p>\n","protected":false},"excerpt":{"rendered":"<p>Damasco, SANA La C\u00e1mara de Industria de Alepo anunci\u00f3 este mi\u00e9rcoles la celebraci\u00f3n de la exposici\u00f3n de \u201cKhan al-Harir\u201d especializado en textiles entre el 6 y el 8 del pr\u00f3ximo mes de marzo en el hotel de Dama Rose en Damasco. En un comunicado, la C\u00e1mara aclar\u00f3 que en la exposici\u00f3n participar\u00e1n las m\u00e1s destacadas &hellip;<\/p>\n","protected":false},"author":24,"featured_media":39089,"comment_status":"closed","ping_status":"closed","sticky":false,"template":"","format":"standard","meta":{"footnotes":""},"categories":[447,485],"tags":[],"class_list":["post-39088","post","type-post","status-publish","format-standard","has-post-thumbnail","","category-local-politica","category-informes-negocios-y-finanzas"],"_links":{"self":[{"href":"https:\/\/archive.sana.sy\/es\/index.php?rest_route=\/wp\/v2\/posts\/39088"}],"collection":[{"href":"https:\/\/archive.sana.sy\/es\/index.php?rest_route=\/wp\/v2\/posts"}],"about":[{"href":"https:\/\/archive.sana.sy\/es\/index.php?rest_route=\/wp\/v2\/types\/post"}],"author":[{"embeddable":true,"href":"https:\/\/archive.sana.sy\/es\/index.php?rest_route=\/wp\/v2\/users\/24"}],"replies":[{"embeddable":true,"href":"https:\/\/archive.sana.sy\/es\/index.php?rest_route=%2Fwp%2Fv2%2Fcomments&post=39088"}],"version-history":[{"count":0,"href":"https:\/\/archive.sana.sy\/es\/index.php?rest_route=\/wp\/v2\/posts\/39088\/revisions"}],"wp:featuredmedia":[{"embeddable":true,"href":"https:\/\/archive.sana.sy\/es\/index.php?rest_route=\/wp\/v2\/media\/39089"}],"wp:attachment":[{"href":"https:\/\/archive.sana.sy\/es\/index.php?rest_route=%2Fwp%2Fv2%2Fmedia&parent=39088"}],"wp:term":[{"taxonomy":"category","embeddable":true,"href":"https:\/\/archive.sana.sy\/es\/index.php?rest_route=%2Fwp%2Fv2%2Fcategories&post=39088"},{"taxonomy":"post_tag","embeddable":true,"href":"https:\/\/archive.sana.sy\/es\/index.php?rest_route=%2Fwp%2Fv2%2Ftags&post=39088"}],"curies":[{"name":"wp","href":"https:\/\/api.w.org\/{rel}","templated":true}]}}