{"id":39300,"date":"2016-02-28T15:40:53","date_gmt":"2016-02-28T13:40:53","guid":{"rendered":"http:\/\/www.sana.sy\/es\/?p=39300"},"modified":"2016-02-28T16:44:29","modified_gmt":"2016-02-28T14:44:29","slug":"papa-francisco-recibe-con-esperanza-el-alto-el-fuego-en-siria","status":"publish","type":"post","link":"https:\/\/archive.sana.sy\/es\/?p=39300","title":{"rendered":"Papa Francisco recibe con esperanza el alto el fuego en Siria"},"content":{"rendered":"<p><span style=\"color: #800000\">El Vaticano, SANA<\/span><\/p>\n<p>El papa Francisco expres\u00f3 su esperanza en que el acuerdo del cese del fuego en Siria contribuya a acabar con la crisis que sufre esta naci\u00f3n desde hace cinco a\u00f1os.<\/p>\n<p>Antes de miles de files en la plaza San Pedro, el sumo pont\u00edfice invit\u00f3 a todos a \u201crezar para que esta oportunidad pueda dar alivio al pueblo sirio que sufre, favoreciendo la necesaria ayuda humanitaria, y abra el camino del di\u00e1logo y de la paz tan deseado\u201d.<\/p>\n<p>Cabe recordar que el papa Francisco y el Patriarca de Mosc\u00fa y toda Rusia de la Iglesia Ortodoxa, Kirill llamaron a unificar la palabra ante el terrorismo y la violencia.<\/p>\n<p>&nbsp;<\/p>\n<p>Lynn A.<\/p>\n","protected":false},"excerpt":{"rendered":"<p>El Vaticano, SANA El papa Francisco expres\u00f3 su esperanza en que el acuerdo del cese del fuego en Siria contribuya a acabar con la crisis que sufre esta naci\u00f3n desde hace cinco a\u00f1os. Antes de miles de files en la plaza San Pedro, el sumo pont\u00edfice invit\u00f3 a todos a \u201crezar para que esta oportunidad &hellip;<\/p>\n","protected":false},"author":24,"featured_media":5075,"comment_status":"closed","ping_status":"closed","sticky":false,"template":"","format":"standard","meta":{"footnotes":""},"categories":[597,467,7541],"tags":[],"class_list":["post-39300","post","type-post","status-publish","format-standard","has-post-thumbnail","","category-cinta-de-noticias","category-siria-y-el-mundo","category-ultimas-noticias"],"_links":{"self":[{"href":"https:\/\/archive.sana.sy\/es\/index.php?rest_route=\/wp\/v2\/posts\/39300"}],"collection":[{"href":"https:\/\/archive.sana.sy\/es\/index.php?rest_route=\/wp\/v2\/posts"}],"about":[{"href":"https:\/\/archive.sana.sy\/es\/index.php?rest_route=\/wp\/v2\/types\/post"}],"author":[{"embeddable":true,"href":"https:\/\/archive.sana.sy\/es\/index.php?rest_route=\/wp\/v2\/users\/24"}],"replies":[{"embeddable":true,"href":"https:\/\/archive.sana.sy\/es\/index.php?rest_route=%2Fwp%2Fv2%2Fcomments&post=39300"}],"version-history":[{"count":0,"href":"https:\/\/archive.sana.sy\/es\/index.php?rest_route=\/wp\/v2\/posts\/39300\/revisions"}],"wp:featuredmedia":[{"embeddable":true,"href":"https:\/\/archive.sana.sy\/es\/index.php?rest_route=\/wp\/v2\/media\/5075"}],"wp:attachment":[{"href":"https:\/\/archive.sana.sy\/es\/index.php?rest_route=%2Fwp%2Fv2%2Fmedia&parent=39300"}],"wp:term":[{"taxonomy":"category","embeddable":true,"href":"https:\/\/archive.sana.sy\/es\/index.php?rest_route=%2Fwp%2Fv2%2Fcategories&post=39300"},{"taxonomy":"post_tag","embeddable":true,"href":"https:\/\/archive.sana.sy\/es\/index.php?rest_route=%2Fwp%2Fv2%2Ftags&post=39300"}],"curies":[{"name":"wp","href":"https:\/\/api.w.org\/{rel}","templated":true}]}}