{"id":39373,"date":"2016-03-01T21:32:08","date_gmt":"2016-03-01T19:32:08","guid":{"rendered":"http:\/\/www.sana.sy\/es\/?p=39373"},"modified":"2016-03-01T21:39:36","modified_gmt":"2016-03-01T19:39:36","slug":"presidente-al-assad-concede-entrevista-a-l-television-alemana-ard","status":"publish","type":"post","link":"https:\/\/archive.sana.sy\/es\/?p=39373","title":{"rendered":"Presidente Al-Assad: Nuestra guerra es por la independencia y nuestros amigos se han unido a nuestra guerra porque saben que el terrorismo no conoce fronteras"},"content":{"rendered":"<p style=\"text-align: justify\"><span style=\"color: #800000\">Damasco, SANA<\/span>&#8211;\u00a0El Presidente de la Rep\u00fablica, Bashar Al-Assad, concedi\u00f3 una entrevista a la cadena de televisi\u00f3n alemana ARD, en la cual abord\u00f3 las \u00faltimas evoluciones relacionadas con la situaci\u00f3n en Siria y la regi\u00f3n.<\/p>\n<p style=\"text-align: justify\"><span style=\"color: #0000ff\">El gobierno sirio se comprometi\u00f3 a ayudar para que la tregua tenga \u00e9xito<\/span><\/p>\n<p style=\"text-align: justify\">En respuesta a una pregunta sobre el alto al fuego, el presidente dijo que \u201clos terroristas han roto el acuerdo del alto al fuego desde las primeras horas de su entrada en vigor\u201d, aclarando que \u201cel Ej\u00e9rcito sirio se ha abstenido de responder a las violaciones de los terroristas para preservar y mantener ese acuerdo.\u201d<\/p>\n<p style=\"text-align: justify\">Tambi\u00e9n, destac\u00f3 que \u201cla tregua constituye un rayo de esperanza y que el gobierno sirio se comprometi\u00f3 a ayudar para que esa tregua tenga \u00e9xito\u201d, indicando que \u201cexisten l\u00edmites para un alto al fuego y esto depende de la otra parte\u201d.<\/p>\n<p style=\"text-align: justify\"><span style=\"color: #0000ff\">La mayor\u00eda de los armados que dominan el terreno son grupos extremistas<\/span><\/p>\n<p style=\"text-align: justify\">El presidente precis\u00f3 que \u201ccualquier persona que levante armas contra el Estado es un terrorista y que el opositor armado debe deponer sus armas e incorporarse al proceso pol\u00edtico aunque no tenga una agenda pol\u00edtica\u201d.<\/p>\n<p style=\"text-align: justify\"><a href=\"http:\/\/sana.sy\/es\/?attachment_id=39410\" rel=\"attachment wp-att-39410\"><img loading=\"lazy\" decoding=\"async\" class=\"alignnone size-medium wp-image-39410\" src=\"http:\/\/sana.sy\/es\/wp-content\/uploads\/2016\/03\/2-5-263x300-263x300.jpg\" alt=\"2-5-263x300\" width=\"263\" height=\"300\" srcset=\"https:\/\/archive.sana.sy\/es\/wp-content\/uploads\/2016\/03\/2-5-263x300.jpg 263w, https:\/\/archive.sana.sy\/es\/wp-content\/uploads\/2016\/03\/2-5-263x300-132x150.jpg 132w\" sizes=\"(max-width: 263px) 100vw, 263px\" \/><\/a><\/p>\n<p style=\"text-align: justify\">\u201cLa ley y la constituci\u00f3n de Siria consideran terrorista a cualquier ciudadanos que porte armas contra el estado y ocasiona da\u00f1os a las personas y las propiedades\u201d acot\u00f3.<\/p>\n<p style=\"text-align: justify\">Adem\u00e1s, aclar\u00f3 que el \u201cEstado concede una plena amnist\u00eda a los armados que se entreguen y deponen sus armas, y esto es lo que sucedi\u00f3 en varias ocasiones, incluso algunos armados se unieron al Ej\u00e9rcito sirio y otros se incorporaron a la vida pol\u00edtica\u201d.<\/p>\n<p style=\"text-align: justify\">El presidente precis\u00f3 que \u201cno todo opositor es un armado extremista sino que la mayor\u00eda de los que dominan el terreno son \u00fanicamente grupos extremistas, mientras que la otra parte que ha sido promocionada como moderada, es insignificante y marginal, y no tiene influencia en el terreno\u201d.<\/p>\n<p style=\"text-align: justify\">Sobre el proceso de transici\u00f3n pol\u00edtica, el Presidente dijo: \u201cel proceso consiste en formar un gobierno de unidad nacional, y este gobierno debe preparar para la pr\u00f3xima constituci\u00f3n. Despu\u00e9s de la aprobaci\u00f3n de la constituci\u00f3n se deben celebrar elecciones parlamentarias que determinar\u00e1n la forma de la nueva Siria. Estos son los principales pasos para la transici\u00f3n\u201d.<\/p>\n<p style=\"text-align: justify\">En su respuesta a una de las preguntas del periodista alem\u00e1n sobre una guerra civil que ha destruido a Siria en cinco a\u00f1os, el presidente se\u00f1al\u00f3 que \u201cno hay guerra civil porque no hay l\u00edneas sociales basadas en las sectas o los grupos \u00e9tnicos ya que las zonas bajo el control del gobierno son mixtas y ah\u00ed viven todos los espectros de la sociedad siria\u201d.<\/p>\n<p style=\"text-align: justify\"><span style=\"color: #0000ff\">Nuestra guerra es por la independencia de nuestro pa\u00eds<\/span><\/p>\n<p style=\"text-align: justify\">Con respecto a las elecciones, el presidente coment\u00f3: \u201cla cuesti\u00f3n no es un hobby ni es una visi\u00f3n del presidente, sino m\u00e1s bien refleja la Constituci\u00f3n. Nuestra guerra es por la independencia de nuestro pa\u00eds, ya que otros pa\u00edses, principalmente Occidente, Arabia Saudita y Qatar, quieren derrocar al gobierno y al presidente. Se trata de la destrucci\u00f3n de un Estado y hacer de Siria un pa\u00eds sectario como el L\u00edbano, y tal vez como Irak\u201d.<\/p>\n<p style=\"text-align: justify\">A\u00f1adi\u00f3 que \u201cla Constituci\u00f3n es un s\u00edmbolo de la unidad, de la soberan\u00eda y de la independencia de un pa\u00eds\u201d.<\/p>\n<p style=\"text-align: justify\">\u201cLa Constituci\u00f3n no es lo que est\u00e1 escrito en papel, sino es un ejercicio\u201d, acot\u00f3.<\/p>\n<p style=\"text-align: justify\"><a href=\"http:\/\/sana.sy\/es\/?attachment_id=39411\" rel=\"attachment wp-att-39411\"><img loading=\"lazy\" decoding=\"async\" class=\"alignnone size-medium wp-image-39411\" src=\"http:\/\/sana.sy\/es\/wp-content\/uploads\/2016\/03\/3-2-300x168-300x168.jpg\" alt=\"3-2-300x168\" width=\"300\" height=\"168\" srcset=\"https:\/\/archive.sana.sy\/es\/wp-content\/uploads\/2016\/03\/3-2-300x168.jpg 300w, https:\/\/archive.sana.sy\/es\/wp-content\/uploads\/2016\/03\/3-2-300x168-150x84.jpg 150w\" sizes=\"(max-width: 300px) 100vw, 300px\" \/><\/a><\/p>\n<p style=\"text-align: justify\">Sobre el futuro del presidente sirio, el mandatario sirio dijo que eso es un asunto propio de Siria y los ciudadanos sirios son los \u00fanicos que tienen el derecho de determinar qui\u00e9n debe ser presidente.<\/p>\n<p style=\"text-align: justify\">\u201cIndependientemente de lo que dicen afuera, el destino pol\u00edtico del presidente est\u00e1 ligado \u00fanicamente a la voluntad del pueblo sirio, y si el pueblo sirio quiere que me vaya de esta oficina, los har\u00e9 de inmediato y sin ninguna duda, porque si usted quiere tener \u00e9xito como presidente o primer ministro, necesitas el apoyo popular, y sin este apoyo no se puede lograr nada\u201d, afirm\u00f3.<\/p>\n<p style=\"text-align: justify\"><span style=\"color: #0000ff\">\u00a1C\u00f3mo podemos impedir que las zonas sitiadas obtengan comida y no podemos evitar que consigan armas!<\/span><\/p>\n<p style=\"text-align: justify\">Contestando una pregunta del por qu\u00e9 el gobierno tard\u00f3 mucho tiempo para permitir el acceso completo a las zonas sitiadas en Siria, el presidente al-Assad coment\u00f3: \u201cNo tardamos mucho tiempo para permitir el acceso a esas \u00e1reas; lo que pasa es que los medios de comunicaci\u00f3n occidentales tomaron mucho tiempo en darse cuenta de lo que est\u00e1 ocurriendo sobre el terreno\u201d.<\/p>\n<p style=\"text-align: justify\"><a href=\"http:\/\/sana.sy\/es\/?attachment_id=39412\" rel=\"attachment wp-att-39412\"><img loading=\"lazy\" decoding=\"async\" class=\"alignnone size-medium wp-image-39412\" src=\"http:\/\/sana.sy\/es\/wp-content\/uploads\/2016\/03\/5-4-300x168-300x168.jpg\" alt=\"5-4-300x168\" width=\"300\" height=\"168\" srcset=\"https:\/\/archive.sana.sy\/es\/wp-content\/uploads\/2016\/03\/5-4-300x168.jpg 300w, https:\/\/archive.sana.sy\/es\/wp-content\/uploads\/2016\/03\/5-4-300x168-150x84.jpg 150w\" sizes=\"(max-width: 300px) 100vw, 300px\" \/><\/a><\/p>\n<p style=\"text-align: justify\">\u201cLas \u00e1reas que describen como &#8220;sitiadas&#8221;, est\u00e1n rodeadas por el Ej\u00e9rcito hace a\u00f1os, y todav\u00eda esas \u00e1reas est\u00e1n combatiendo contra el ej\u00e9rcito y bombardean las ciudades vecinas con morteros y otras armas; la pregunta es \u00bfC\u00f3mo podemos impedir que obtengan comida y no podemos evitar que consigan armas?\u201d, explic\u00f3.<\/p>\n<p style=\"text-align: justify\"><span style=\"color: #0000ff\">Apreciamos el recibimiento de Alemana a los sirios desde el punto de vista humano<\/span><\/p>\n<p style=\"text-align: justify\">Sobre el papel de Alemania en recibir a un gran n\u00famero de sirios, el l\u00edder sirio dijo: \u201capreciamos eso desde el punto de vista humano, pero es m\u00e1s humano ayudar a esas personas a permanecer en su propio pa\u00eds porque si le preguntas a cualquiera de ellos, dir\u00e1 que quiere regresar a su pa\u00eds\u201d.<\/p>\n<p style=\"text-align: justify\">\u201cPor lo tanto, es menos costoso adoptar pol\u00edticas m\u00e1s prudentes hacia la crisis en Siria para que esas personas siguen viviendo en su propio pa\u00eds, a trav\u00e9s de la lucha contra el terrorismo y lograr la estabilidad, y tambi\u00e9n la no injerencia en los asuntos sirios, esto ser\u00eda m\u00e1s humano\u201d, a\u00f1adi\u00f3.<\/p>\n<p style=\"text-align: justify\">Sobre el rol alem\u00e1n en el asunto sirio, el jefe de Estado sirio expres\u00f3 la esperanza de que cada pa\u00eds pueda desempe\u00f1ar un papel, especialmente los pa\u00edses europeos, como Alemania, que tiene la econom\u00eda m\u00e1s fuerte, y se supone que es l\u00edder de la Uni\u00f3n Europea pol\u00edticamente, y no s\u00f3lo econ\u00f3micamente.<\/p>\n<p style=\"text-align: justify\">\u201cEn la pr\u00e1ctica, todav\u00eda no hemos visto un rol pol\u00edtico efectivo de Alemania, porque el papel tiene que ver con la voluntad, y la voluntad tiene que ver con la independencia\u201d, aclar\u00f3.<\/p>\n<p style=\"text-align: justify\"><span style=\"color: #0000ff\">No ten\u00edamos por qu\u00e9 atacar a un hospital<\/span><\/p>\n<p style=\"text-align: justify\">Sobre la alegaci\u00f3n de la organizaci\u00f3n no gubernamental M\u00e9dicos sin Fronteras de que en 2015 el Ej\u00e9rcito sirio bombarde\u00f3 a 94 hospitales, el presidente dijo: \u201cNo sabemos exactamente qui\u00e9n es el responsable de estos incidentes, eso es un crimen y nosotros no ten\u00edamos por qu\u00e9 atacar a un hospital\u201d.<\/p>\n<p style=\"text-align: justify\"><span style=\"color: #0000ff\">Es una guerra f\u00e1cil porque estamos luchando contra docenas de pa\u00edses<\/span><\/p>\n<p style=\"text-align: justify\">Sobre supuestas derrotas sufridas por el Ej\u00e9rcito sirio y la p\u00e9rdida del control de zonas y ciudades, Al Assad explic\u00f3 que \u201cla guerra consiste en diferentes batallas, se pierden unas y otras se ganan. Por lo tanto, est\u00e1bamos perdiendo en alguna parte pero ganamos en otro lugar. Eso no tiene nada que ver con una derrota o una victoria\u201d.<\/p>\n<p style=\"text-align: justify\">Argument\u00f3 que \u201cesa no es una guerra f\u00e1cil, pues estamos luchando contra docenas de pa\u00edses que apoyan a esos mercenarios y terroristas\u201d.<\/p>\n<p style=\"text-align: justify\"><a href=\"http:\/\/sana.sy\/es\/?attachment_id=39413\" rel=\"attachment wp-att-39413\"><img loading=\"lazy\" decoding=\"async\" class=\"alignnone size-medium wp-image-39413\" src=\"http:\/\/sana.sy\/es\/wp-content\/uploads\/2016\/03\/7-1-300x168-300x168.jpg\" alt=\"7-1-300x168\" width=\"300\" height=\"168\" srcset=\"https:\/\/archive.sana.sy\/es\/wp-content\/uploads\/2016\/03\/7-1-300x168.jpg 300w, https:\/\/archive.sana.sy\/es\/wp-content\/uploads\/2016\/03\/7-1-300x168-150x84.jpg 150w\" sizes=\"(max-width: 300px) 100vw, 300px\" \/><\/a><\/p>\n<p style=\"text-align: justify\"><span style=\"color: #0000ff\">Nuestros amigos se han unido a nuestra guerra porque saben que el terrorismo no conoce fronteras<\/span><\/p>\n<p style=\"text-align: justify\">\u201cNuestros aliados y amigos que se han unido a la guerra de diferentes maneras, algunos de forma directa y otros de manera indirecta, tienen otra visi\u00f3n basada en que ellos no han venidos a Siria para ayudar al presidente o al gobierno sirio, sino vinieron porque saben que el terrorismo no conoce fronteras y el Estado Isl\u00e1mico es una muestra de ello:\u201d est\u00e1 en Libia, Irak y ahora en Siria\u201d.<\/p>\n<p>Fady M., Hala B., \u00a0M Miri<\/p>\n","protected":false},"excerpt":{"rendered":"<p>Damasco, SANA&#8211;\u00a0El Presidente de la Rep\u00fablica, Bashar Al-Assad, concedi\u00f3 una entrevista a la cadena de televisi\u00f3n alemana ARD, en la cual abord\u00f3 las \u00faltimas evoluciones relacionadas con la situaci\u00f3n en Siria y la regi\u00f3n. El gobierno sirio se comprometi\u00f3 a ayudar para que la tregua tenga \u00e9xito En respuesta a una pregunta sobre el alto &hellip;<\/p>\n","protected":false},"author":1,"featured_media":39408,"comment_status":"closed","ping_status":"closed","sticky":false,"template":"","format":"standard","meta":{"footnotes":""},"categories":[597,583,626],"tags":[8137],"class_list":["post-39373","post","type-post","status-publish","format-standard","has-post-thumbnail","","category-cinta-de-noticias","category-slide","category-sr-presidente","tag-presidente-assad-nuestra-guerra-es-por-la-independencia-y-nuestros-amigos-se-han-unido-a-nuestra-guerra-porque-saben-que-el-terrorismo-no-conoce-fronteras"],"_links":{"self":[{"href":"https:\/\/archive.sana.sy\/es\/index.php?rest_route=\/wp\/v2\/posts\/39373"}],"collection":[{"href":"https:\/\/archive.sana.sy\/es\/index.php?rest_route=\/wp\/v2\/posts"}],"about":[{"href":"https:\/\/archive.sana.sy\/es\/index.php?rest_route=\/wp\/v2\/types\/post"}],"author":[{"embeddable":true,"href":"https:\/\/archive.sana.sy\/es\/index.php?rest_route=\/wp\/v2\/users\/1"}],"replies":[{"embeddable":true,"href":"https:\/\/archive.sana.sy\/es\/index.php?rest_route=%2Fwp%2Fv2%2Fcomments&post=39373"}],"version-history":[{"count":0,"href":"https:\/\/archive.sana.sy\/es\/index.php?rest_route=\/wp\/v2\/posts\/39373\/revisions"}],"wp:featuredmedia":[{"embeddable":true,"href":"https:\/\/archive.sana.sy\/es\/index.php?rest_route=\/wp\/v2\/media\/39408"}],"wp:attachment":[{"href":"https:\/\/archive.sana.sy\/es\/index.php?rest_route=%2Fwp%2Fv2%2Fmedia&parent=39373"}],"wp:term":[{"taxonomy":"category","embeddable":true,"href":"https:\/\/archive.sana.sy\/es\/index.php?rest_route=%2Fwp%2Fv2%2Fcategories&post=39373"},{"taxonomy":"post_tag","embeddable":true,"href":"https:\/\/archive.sana.sy\/es\/index.php?rest_route=%2Fwp%2Fv2%2Ftags&post=39373"}],"curies":[{"name":"wp","href":"https:\/\/api.w.org\/{rel}","templated":true}]}}