{"id":39416,"date":"2016-03-02T12:03:23","date_gmt":"2016-03-02T10:03:23","guid":{"rendered":"http:\/\/www.sana.sy\/es\/?p=39416"},"modified":"2016-03-02T15:19:57","modified_gmt":"2016-03-02T13:19:57","slug":"ejercito-libera-un-nuevo-poblado-en-el-campo-este-de-alepo","status":"publish","type":"post","link":"https:\/\/archive.sana.sy\/es\/?p=39416","title":{"rendered":"Ej\u00e9rcito libera un nuevo poblado en el campo este de Alepo \u00a0"},"content":{"rendered":"<p style=\"text-align: justify\"><span style=\"color: #800000\">Alepo, SANA<\/span><\/p>\n<p style=\"text-align: justify\">El Comando General del Ej\u00e9rcito y las Fuerzas Armadas llam\u00f3 a los ciudadanos a volver en sus hogares tras liberar a los poblados de Kefin y Maskan en el campo norte de Alepo, de las bandas terroristas del Estado Isl\u00e1mico.<\/p>\n<p style=\"text-align: justify\">El ej\u00e9rcito hab\u00eda instaurado la estabilidad y la seguridad en el poblado de Kefin el d\u00eda ocho de febrero pasado y en la pobloado de Maskan el d\u00eda 15 del mismo mes.<\/p>\n<p style=\"text-align: justify\">Por otro lado, una fuente militar declar\u00f3 que unidades del Ej\u00e9rcito y las Fuerzas Armadas recuperaron el control de del poblado de Fah en el campo este de Alepo, tras la eliminaci\u00f3n de todos los terroristas en dicho poblado.<\/p>\n<p style=\"text-align: justify\"><span style=\"color: #0000ff\">Fady M., Hala B.<\/span><\/p>\n","protected":false},"excerpt":{"rendered":"<p>Alepo, SANA El Comando General del Ej\u00e9rcito y las Fuerzas Armadas llam\u00f3 a los ciudadanos a volver en sus hogares tras liberar a los poblados de Kefin y Maskan en el campo norte de Alepo, de las bandas terroristas del Estado Isl\u00e1mico. El ej\u00e9rcito hab\u00eda instaurado la estabilidad y la seguridad en el poblado de &hellip;<\/p>\n","protected":false},"author":1,"featured_media":39417,"comment_status":"closed","ping_status":"closed","sticky":false,"template":"","format":"standard","meta":{"footnotes":""},"categories":[573,583,7541],"tags":[8138],"class_list":["post-39416","post","type-post","status-publish","format-standard","has-post-thumbnail","","category-la-realidad-de-los-acontecimientos-en-siria","category-slide","category-ultimas-noticias","tag-ejercito-libera-un-nuevo-poblado-en-el-campo-este-de-alepo"],"_links":{"self":[{"href":"https:\/\/archive.sana.sy\/es\/index.php?rest_route=\/wp\/v2\/posts\/39416"}],"collection":[{"href":"https:\/\/archive.sana.sy\/es\/index.php?rest_route=\/wp\/v2\/posts"}],"about":[{"href":"https:\/\/archive.sana.sy\/es\/index.php?rest_route=\/wp\/v2\/types\/post"}],"author":[{"embeddable":true,"href":"https:\/\/archive.sana.sy\/es\/index.php?rest_route=\/wp\/v2\/users\/1"}],"replies":[{"embeddable":true,"href":"https:\/\/archive.sana.sy\/es\/index.php?rest_route=%2Fwp%2Fv2%2Fcomments&post=39416"}],"version-history":[{"count":0,"href":"https:\/\/archive.sana.sy\/es\/index.php?rest_route=\/wp\/v2\/posts\/39416\/revisions"}],"wp:featuredmedia":[{"embeddable":true,"href":"https:\/\/archive.sana.sy\/es\/index.php?rest_route=\/wp\/v2\/media\/39417"}],"wp:attachment":[{"href":"https:\/\/archive.sana.sy\/es\/index.php?rest_route=%2Fwp%2Fv2%2Fmedia&parent=39416"}],"wp:term":[{"taxonomy":"category","embeddable":true,"href":"https:\/\/archive.sana.sy\/es\/index.php?rest_route=%2Fwp%2Fv2%2Fcategories&post=39416"},{"taxonomy":"post_tag","embeddable":true,"href":"https:\/\/archive.sana.sy\/es\/index.php?rest_route=%2Fwp%2Fv2%2Ftags&post=39416"}],"curies":[{"name":"wp","href":"https:\/\/api.w.org\/{rel}","templated":true}]}}