{"id":39661,"date":"2016-03-06T21:02:06","date_gmt":"2016-03-06T19:02:06","guid":{"rendered":"http:\/\/www.sana.sy\/es\/?p=39661"},"modified":"2016-03-06T21:02:06","modified_gmt":"2016-03-06T19:02:06","slug":"firmado-un-acuerdo-para-mejorar-la-situacion-social-y-economica-de-los-pobres-y-empobrecidos-en-siria","status":"publish","type":"post","link":"https:\/\/archive.sana.sy\/es\/?p=39661","title":{"rendered":"Firmado un acuerdo para mejorar la situaci\u00f3n social y econ\u00f3mica de los pobres y empobrecidos en Siria"},"content":{"rendered":"<p>Damasco-SANA<\/p>\n<p>La Secretaria Siria para el Desarrollo firm\u00f3 el domingo un acuerdo con las provincias de Damasco, Damasco-Campo, Sweida, Tartous, Latakia, Homs y Hama con el fin de coordinar los esfuerzos para mejorar la situaci\u00f3n social y econ\u00f3mica de los pobres y empobrecidos de la sociedad siria.<\/p>\n<p>El acuerdo estipula el establecimiento de fondos de pr\u00e9stamos sin inter\u00e9s en las mencionadas gobernaciones para poner en marcha proyectos de peque\u00f1os y medianos, mediante el programa &#8220;Mi Proyecto&#8221;, que fue lanzado en el a\u00f1o 2011.<\/p>\n<p>El Viceprimer Ministro de Servicios, el ministro de Administraci\u00f3n Local Omar Ghalawanji dijo que este acuerdo tiene por objeto garantizar el \u00e9xito del programa &#8220;Mi Proyecto&#8221;.<\/p>\n<p>Ghalawanji dijo que este programa tiene un significado especial a la luz de la crisis en Siria, ya que busca mejorar las condiciones de vida de los ciudadanos y alivia las repercusiones de la crisis, se\u00f1alando que el Ministerio de Administraci\u00f3n Local ha asignado 15 millones de libras sirias de su presupuesto de inversi\u00f3n para 2016 para apoyar el programa.<\/p>\n<p>A su vez, el secretario general de la Secretaria Siria para el desarrollo Fares Kallas dijo que el programa busca desarrollar las zonas pobres y otras que son consideradas como las m\u00e1s \u00a8d\u00e9biles econ\u00f3micamente\u00a8, en Siria, donde ayudan a familias a comenzar proyectos peque\u00f1os a trav\u00e9s de pr\u00e9stamos sin inter\u00e9s, a\u00f1adiendo que las personas desplazadas que regresan a sus casas ser\u00e1n los primeros en beneficiarse de este programa.<\/p>\n<p>Yamil K.<\/p>\n","protected":false},"excerpt":{"rendered":"<p>Damasco-SANA La Secretaria Siria para el Desarrollo firm\u00f3 el domingo un acuerdo con las provincias de Damasco, Damasco-Campo, Sweida, Tartous, Latakia, Homs y Hama con el fin de coordinar los esfuerzos para mejorar la situaci\u00f3n social y econ\u00f3mica de los pobres y empobrecidos de la sociedad siria. El acuerdo estipula el establecimiento de fondos de &hellip;<\/p>\n","protected":false},"author":1,"featured_media":39662,"comment_status":"closed","ping_status":"closed","sticky":false,"template":"","format":"standard","meta":{"footnotes":""},"categories":[477,476],"tags":[],"class_list":["post-39661","post","type-post","status-publish","format-standard","has-post-thumbnail","","category-noticias-edulcorantes","category-locales"],"_links":{"self":[{"href":"https:\/\/archive.sana.sy\/es\/index.php?rest_route=\/wp\/v2\/posts\/39661"}],"collection":[{"href":"https:\/\/archive.sana.sy\/es\/index.php?rest_route=\/wp\/v2\/posts"}],"about":[{"href":"https:\/\/archive.sana.sy\/es\/index.php?rest_route=\/wp\/v2\/types\/post"}],"author":[{"embeddable":true,"href":"https:\/\/archive.sana.sy\/es\/index.php?rest_route=\/wp\/v2\/users\/1"}],"replies":[{"embeddable":true,"href":"https:\/\/archive.sana.sy\/es\/index.php?rest_route=%2Fwp%2Fv2%2Fcomments&post=39661"}],"version-history":[{"count":0,"href":"https:\/\/archive.sana.sy\/es\/index.php?rest_route=\/wp\/v2\/posts\/39661\/revisions"}],"wp:featuredmedia":[{"embeddable":true,"href":"https:\/\/archive.sana.sy\/es\/index.php?rest_route=\/wp\/v2\/media\/39662"}],"wp:attachment":[{"href":"https:\/\/archive.sana.sy\/es\/index.php?rest_route=%2Fwp%2Fv2%2Fmedia&parent=39661"}],"wp:term":[{"taxonomy":"category","embeddable":true,"href":"https:\/\/archive.sana.sy\/es\/index.php?rest_route=%2Fwp%2Fv2%2Fcategories&post=39661"},{"taxonomy":"post_tag","embeddable":true,"href":"https:\/\/archive.sana.sy\/es\/index.php?rest_route=%2Fwp%2Fv2%2Ftags&post=39661"}],"curies":[{"name":"wp","href":"https:\/\/api.w.org\/{rel}","templated":true}]}}