{"id":39729,"date":"2016-03-08T14:46:19","date_gmt":"2016-03-08T12:46:19","guid":{"rendered":"http:\/\/www.sana.sy\/es\/?p=39729"},"modified":"2016-03-08T21:27:29","modified_gmt":"2016-03-08T19:27:29","slug":"participantes-en-el-dialogo-intersirio-en-ginebra-seran-los-mismos-que-participaron-en-la-primera-ronda","status":"publish","type":"post","link":"https:\/\/archive.sana.sy\/es\/?p=39729","title":{"rendered":"Participantes en el di\u00e1logo intersirio en Ginebra ser\u00e1n los mismos que participaron en la primera ronda"},"content":{"rendered":"<p><span style=\"color: #800000\">Ginebra, SANA<\/span><\/p>\n<p style=\"text-align: justify\">El portavoz del enviado del Secretario General de la ONU a Siria, Jessie Shaheen, anunci\u00f3 que los participantes en el di\u00e1logo intersirio que se reanudar\u00e1 el pr\u00f3ximo martes en Ginebra ser\u00e1n los mismos que participaron en la primera ronda, que tuvo lugar a principios del pasado mes de febrero, se\u00f1alando que las invitaciones ser\u00e1n enviadas a los mismos participante en ambos lados.<\/p>\n<p style=\"text-align: justify\">La agencia de noticias Reuters cit\u00f3 a Shaheen diciendo que &#8220;las negociaciones se reanudar\u00e1n formalmente el nueve de marzo, pero algunos participantes llegar\u00e1n a Ginebra los d\u00edas 12, 13 y 14 del mes, por lo que el enviado de la ONU, Staffan de Mistura, tiene previsto comenzar las conversaciones principales el d\u00eda 14 de marzo.&#8221;<\/p>\n<p>&nbsp;<\/p>\n<p>Fady M., Lynn A.<\/p>\n","protected":false},"excerpt":{"rendered":"<p>Ginebra, SANA El portavoz del enviado del Secretario General de la ONU a Siria, Jessie Shaheen, anunci\u00f3 que los participantes en el di\u00e1logo intersirio que se reanudar\u00e1 el pr\u00f3ximo martes en Ginebra ser\u00e1n los mismos que participaron en la primera ronda, que tuvo lugar a principios del pasado mes de febrero, se\u00f1alando que las invitaciones &hellip;<\/p>\n","protected":false},"author":1,"featured_media":39731,"comment_status":"closed","ping_status":"closed","sticky":false,"template":"","format":"standard","meta":{"footnotes":""},"categories":[576,467,7541],"tags":[],"class_list":["post-39729","post","type-post","status-publish","format-standard","has-post-thumbnail","","category-noticias-politicas","category-siria-y-el-mundo","category-ultimas-noticias"],"_links":{"self":[{"href":"https:\/\/archive.sana.sy\/es\/index.php?rest_route=\/wp\/v2\/posts\/39729"}],"collection":[{"href":"https:\/\/archive.sana.sy\/es\/index.php?rest_route=\/wp\/v2\/posts"}],"about":[{"href":"https:\/\/archive.sana.sy\/es\/index.php?rest_route=\/wp\/v2\/types\/post"}],"author":[{"embeddable":true,"href":"https:\/\/archive.sana.sy\/es\/index.php?rest_route=\/wp\/v2\/users\/1"}],"replies":[{"embeddable":true,"href":"https:\/\/archive.sana.sy\/es\/index.php?rest_route=%2Fwp%2Fv2%2Fcomments&post=39729"}],"version-history":[{"count":0,"href":"https:\/\/archive.sana.sy\/es\/index.php?rest_route=\/wp\/v2\/posts\/39729\/revisions"}],"wp:featuredmedia":[{"embeddable":true,"href":"https:\/\/archive.sana.sy\/es\/index.php?rest_route=\/wp\/v2\/media\/39731"}],"wp:attachment":[{"href":"https:\/\/archive.sana.sy\/es\/index.php?rest_route=%2Fwp%2Fv2%2Fmedia&parent=39729"}],"wp:term":[{"taxonomy":"category","embeddable":true,"href":"https:\/\/archive.sana.sy\/es\/index.php?rest_route=%2Fwp%2Fv2%2Fcategories&post=39729"},{"taxonomy":"post_tag","embeddable":true,"href":"https:\/\/archive.sana.sy\/es\/index.php?rest_route=%2Fwp%2Fv2%2Ftags&post=39729"}],"curies":[{"name":"wp","href":"https:\/\/api.w.org\/{rel}","templated":true}]}}