{"id":3974,"date":"2014-07-03T12:53:45","date_gmt":"2014-07-03T09:53:45","guid":{"rendered":"http:\/\/www.sana.sy\/es\/?p=3974"},"modified":"2014-07-03T12:53:45","modified_gmt":"2014-07-03T09:53:45","slug":"tras-restablecer-la-seguridad-en-su-ciudad-los-vecinos-de-al-hosen-vuelven-a-sus-hogares","status":"publish","type":"post","link":"https:\/\/archive.sana.sy\/es\/?p=3974","title":{"rendered":"Tras restablecer la seguridad en su ciudad, los vecinos de al-Hosen vuelven a sus hogares"},"content":{"rendered":"<div>\n<div><span style=\"color: #ff0000\"><em><span lang=\"ES\" style=\"font-family: Arial, sans-serif;font-size: 14pt\">Homs, SANA<\/span><\/em><\/span><\/div>\n<div><\/div>\n<div><span lang=\"ES\" style=\"font-family: 'Arial','sans-serif';color: #333333;font-size: 14pt\">Los residentes de la ciudad de al-Hosen en la campi\u00f1a oeste de Homs, han empezado a volver a sus hogares\u2026<\/span><\/div>\n<div><\/div>\n<div><span lang=\"ES\" style=\"font-family: 'Arial','sans-serif';color: #333333;font-size: 14pt\">Las fuerzas Armadas hab\u00edan terminado de desactivar todas las bombas y las minas sembradas por los grupos terroristas, y tambi\u00e9n de levantar las barricadas y abrir los caminos y las calles de la urbanizaci\u00f3n.<\/span><\/div>\n<div><\/div>\n<div><em><span style=\"color: #00ccff\"><b>Fady M., Hala B.<\/b><\/span><\/em><\/div>\n<\/div>\n<div><\/div>\n<div><\/div>\n<p>&nbsp;<\/p>\n","protected":false},"excerpt":{"rendered":"<p>Homs, SANA Los residentes de la ciudad de al-Hosen en la campi\u00f1a oeste de Homs, han empezado a volver a sus hogares\u2026 Las fuerzas Armadas hab\u00edan terminado de desactivar todas las bombas y las minas sembradas por los grupos terroristas, y tambi\u00e9n de levantar las barricadas y abrir los caminos y las calles de la &hellip;<\/p>\n","protected":false},"author":1,"featured_media":3975,"comment_status":"closed","ping_status":"closed","sticky":false,"template":"","format":"standard","meta":{"footnotes":""},"categories":[597,573],"tags":[919,918],"class_list":["post-3974","post","type-post","status-publish","format-standard","has-post-thumbnail","","category-cinta-de-noticias","category-la-realidad-de-los-acontecimientos-en-siria","tag-los-vecinos-de-al-hosen-vuelven-a-sus-hogares","tag-tras-restablecer-la-seguridad-en-su-ciudad"],"_links":{"self":[{"href":"https:\/\/archive.sana.sy\/es\/index.php?rest_route=\/wp\/v2\/posts\/3974"}],"collection":[{"href":"https:\/\/archive.sana.sy\/es\/index.php?rest_route=\/wp\/v2\/posts"}],"about":[{"href":"https:\/\/archive.sana.sy\/es\/index.php?rest_route=\/wp\/v2\/types\/post"}],"author":[{"embeddable":true,"href":"https:\/\/archive.sana.sy\/es\/index.php?rest_route=\/wp\/v2\/users\/1"}],"replies":[{"embeddable":true,"href":"https:\/\/archive.sana.sy\/es\/index.php?rest_route=%2Fwp%2Fv2%2Fcomments&post=3974"}],"version-history":[{"count":0,"href":"https:\/\/archive.sana.sy\/es\/index.php?rest_route=\/wp\/v2\/posts\/3974\/revisions"}],"wp:featuredmedia":[{"embeddable":true,"href":"https:\/\/archive.sana.sy\/es\/index.php?rest_route=\/wp\/v2\/media\/3975"}],"wp:attachment":[{"href":"https:\/\/archive.sana.sy\/es\/index.php?rest_route=%2Fwp%2Fv2%2Fmedia&parent=3974"}],"wp:term":[{"taxonomy":"category","embeddable":true,"href":"https:\/\/archive.sana.sy\/es\/index.php?rest_route=%2Fwp%2Fv2%2Fcategories&post=3974"},{"taxonomy":"post_tag","embeddable":true,"href":"https:\/\/archive.sana.sy\/es\/index.php?rest_route=%2Fwp%2Fv2%2Ftags&post=3974"}],"curies":[{"name":"wp","href":"https:\/\/api.w.org\/{rel}","templated":true}]}}