{"id":39882,"date":"2016-03-10T20:54:02","date_gmt":"2016-03-10T18:54:02","guid":{"rendered":"http:\/\/www.sana.sy\/es\/?p=39882"},"modified":"2016-03-10T20:54:02","modified_gmt":"2016-03-10T18:54:02","slug":"defensa-rusa-han-sido-registradas-8-violaciones-del-cese-de-las-hostilidades-en-siria-por-los-terroristas-en-las-ultimas-24-horas","status":"publish","type":"post","link":"https:\/\/archive.sana.sy\/es\/?p=39882","title":{"rendered":"Defensa rusa: Han sido registradas 8 violaciones del cese de las hostilidades en Siria por los terroristas en las \u00faltimas 24 horas"},"content":{"rendered":"<p>Mosc\u00fa-SANA<\/p>\n<p>El Ministerio de Defensa de Rusia ha informado que fueron registradas 8 violaciones del acuerdo del cese de las hostilidades en Siria por las organizaciones terroristas en las \u00faltimas 24 horas.<br \/>\nSeg\u00fan un comunicado emitido por el jefe del Centro de Coordinaci\u00f3n ruso, el teniente general Sergu\u00e9i Kuralenko las violaciones se registraron en los campos de Alepo, Deraa, Damasco y Idleb.<\/p>\n<p>El oficial ruso ha calificado la situaci\u00f3n en Alepo de \u00a8La m\u00e1s tensa\u00a8, se\u00f1alando que grupos terroristas bombardearon 4 veces el barrio de Shiek Maqsud de Alepo y otras dos zonas en la misma ciudad.<\/p>\n<p>Kuralenko dijo que los fuertes bombardeos contra el poblado de Foua, cercada por terroristas del Yabhet Al-Nusra, han llevado a un grave deterioro de la situaci\u00f3n humanitaria en ese poblado.<\/p>\n<p>Yamil K.<\/p>\n","protected":false},"excerpt":{"rendered":"<p>Mosc\u00fa-SANA El Ministerio de Defensa de Rusia ha informado que fueron registradas 8 violaciones del acuerdo del cese de las hostilidades en Siria por las organizaciones terroristas en las \u00faltimas 24 horas. Seg\u00fan un comunicado emitido por el jefe del Centro de Coordinaci\u00f3n ruso, el teniente general Sergu\u00e9i Kuralenko las violaciones se registraron en los &hellip;<\/p>\n","protected":false},"author":1,"featured_media":39855,"comment_status":"closed","ping_status":"closed","sticky":false,"template":"","format":"standard","meta":{"footnotes":""},"categories":[467,583,7541],"tags":[],"class_list":["post-39882","post","type-post","status-publish","format-standard","has-post-thumbnail","","category-siria-y-el-mundo","category-slide","category-ultimas-noticias"],"_links":{"self":[{"href":"https:\/\/archive.sana.sy\/es\/index.php?rest_route=\/wp\/v2\/posts\/39882"}],"collection":[{"href":"https:\/\/archive.sana.sy\/es\/index.php?rest_route=\/wp\/v2\/posts"}],"about":[{"href":"https:\/\/archive.sana.sy\/es\/index.php?rest_route=\/wp\/v2\/types\/post"}],"author":[{"embeddable":true,"href":"https:\/\/archive.sana.sy\/es\/index.php?rest_route=\/wp\/v2\/users\/1"}],"replies":[{"embeddable":true,"href":"https:\/\/archive.sana.sy\/es\/index.php?rest_route=%2Fwp%2Fv2%2Fcomments&post=39882"}],"version-history":[{"count":0,"href":"https:\/\/archive.sana.sy\/es\/index.php?rest_route=\/wp\/v2\/posts\/39882\/revisions"}],"wp:featuredmedia":[{"embeddable":true,"href":"https:\/\/archive.sana.sy\/es\/index.php?rest_route=\/wp\/v2\/media\/39855"}],"wp:attachment":[{"href":"https:\/\/archive.sana.sy\/es\/index.php?rest_route=%2Fwp%2Fv2%2Fmedia&parent=39882"}],"wp:term":[{"taxonomy":"category","embeddable":true,"href":"https:\/\/archive.sana.sy\/es\/index.php?rest_route=%2Fwp%2Fv2%2Fcategories&post=39882"},{"taxonomy":"post_tag","embeddable":true,"href":"https:\/\/archive.sana.sy\/es\/index.php?rest_route=%2Fwp%2Fv2%2Ftags&post=39882"}],"curies":[{"name":"wp","href":"https:\/\/api.w.org\/{rel}","templated":true}]}}