{"id":40136,"date":"2016-03-16T13:04:27","date_gmt":"2016-03-16T11:04:27","guid":{"rendered":"http:\/\/www.sana.sy\/es\/?p=40136"},"modified":"2016-03-16T19:20:33","modified_gmt":"2016-03-16T17:20:33","slug":"la-delegacion-siria-celebra-una-sesion-de-conversaciones-con-di-mistura","status":"publish","type":"post","link":"https:\/\/archive.sana.sy\/es\/?p=40136","title":{"rendered":"La delegaci\u00f3n siria celebra una sesi\u00f3n de conversaciones con Di Mistura"},"content":{"rendered":"<p><span style=\"color: #800000\">Ginebra, SANA<\/span><\/p>\n<p style=\"text-align: justify\">La delegaci\u00f3n de la Rep\u00fablica \u00c1rabe Siria al di\u00e1logo sirio-sirio comenz\u00f3 una sesi\u00f3n de conversaciones con el enviado especial del secretario general de la ONU para Siria Stefan Di Mistura en la sede de las Naciones Unidos en Ginebra hoy.<\/p>\n<p style=\"text-align: justify\">As\u00ed que la delegaci\u00f3n siria celebr\u00f3 ayer la primera sesi\u00f3n de conversaciones con Di Mistura y sus asesores en la sede de las Naciones Unidos en Ginebra, la cual fue descrita por el Dr. Bashar al-Jaffari como una sesi\u00f3n positiva que discuti\u00f3 la importancia y la necesidad de la buena preparaci\u00f3n del aspecto formal del di\u00e1logo sirio-sirio, de forma que permita un transitar sobre bases s\u00f3lidas y fuertes hacia la etapa de examinar el contenido y la sustancia.<\/p>\n<p>Hala B., Riad Sh.<\/p>\n<p style=\"text-align: justify\"><strong>\u00a0<\/strong><\/p>\n","protected":false},"excerpt":{"rendered":"<p>Ginebra, SANA La delegaci\u00f3n de la Rep\u00fablica \u00c1rabe Siria al di\u00e1logo sirio-sirio comenz\u00f3 una sesi\u00f3n de conversaciones con el enviado especial del secretario general de la ONU para Siria Stefan Di Mistura en la sede de las Naciones Unidos en Ginebra hoy. As\u00ed que la delegaci\u00f3n siria celebr\u00f3 ayer la primera sesi\u00f3n de conversaciones con &hellip;<\/p>\n","protected":false},"author":1,"featured_media":40137,"comment_status":"closed","ping_status":"closed","sticky":false,"template":"","format":"standard","meta":{"footnotes":""},"categories":[597,457,576,583,7541],"tags":[8225],"class_list":["post-40136","post","type-post","status-publish","format-standard","has-post-thumbnail","","category-cinta-de-noticias","category-noticias-arabe-internacional-politica","category-noticias-politicas","category-slide","category-ultimas-noticias","tag-la-delegacion-siria-celebra-una-sesion-de-conversaciones-con-di-mistura"],"_links":{"self":[{"href":"https:\/\/archive.sana.sy\/es\/index.php?rest_route=\/wp\/v2\/posts\/40136"}],"collection":[{"href":"https:\/\/archive.sana.sy\/es\/index.php?rest_route=\/wp\/v2\/posts"}],"about":[{"href":"https:\/\/archive.sana.sy\/es\/index.php?rest_route=\/wp\/v2\/types\/post"}],"author":[{"embeddable":true,"href":"https:\/\/archive.sana.sy\/es\/index.php?rest_route=\/wp\/v2\/users\/1"}],"replies":[{"embeddable":true,"href":"https:\/\/archive.sana.sy\/es\/index.php?rest_route=%2Fwp%2Fv2%2Fcomments&post=40136"}],"version-history":[{"count":0,"href":"https:\/\/archive.sana.sy\/es\/index.php?rest_route=\/wp\/v2\/posts\/40136\/revisions"}],"wp:featuredmedia":[{"embeddable":true,"href":"https:\/\/archive.sana.sy\/es\/index.php?rest_route=\/wp\/v2\/media\/40137"}],"wp:attachment":[{"href":"https:\/\/archive.sana.sy\/es\/index.php?rest_route=%2Fwp%2Fv2%2Fmedia&parent=40136"}],"wp:term":[{"taxonomy":"category","embeddable":true,"href":"https:\/\/archive.sana.sy\/es\/index.php?rest_route=%2Fwp%2Fv2%2Fcategories&post=40136"},{"taxonomy":"post_tag","embeddable":true,"href":"https:\/\/archive.sana.sy\/es\/index.php?rest_route=%2Fwp%2Fv2%2Ftags&post=40136"}],"curies":[{"name":"wp","href":"https:\/\/api.w.org\/{rel}","templated":true}]}}