{"id":40139,"date":"2016-03-16T13:08:17","date_gmt":"2016-03-16T11:08:17","guid":{"rendered":"http:\/\/www.sana.sy\/es\/?p=40139"},"modified":"2016-03-16T19:23:26","modified_gmt":"2016-03-16T17:23:26","slug":"zajarova-la-reduccion-del-numero-de-las-tropas-rusas-en-siria-no-debilitara-el-ejercito-sirio-ni-las-posiciones-de-liderazgo-sirio","status":"publish","type":"post","link":"https:\/\/archive.sana.sy\/es\/?p=40139","title":{"rendered":"Zajarova: la reducci\u00f3n del n\u00famero de las tropas rusas en Siria no debilitar\u00e1 el ej\u00e9rcito sirio ni las posiciones de liderazgo sirio"},"content":{"rendered":"<p><span style=\"color: #800000\">Mosc\u00fa, SANA<\/span><\/p>\n<p style=\"text-align: justify\">La portavoz del Ministerio de Exteriores ruso Mar\u00eda Zajarova afirm\u00f3 que La reducci\u00f3n del n\u00famero de las tropas rusas en Siria no debilitar\u00e1 al ej\u00e9rcito sirio ni las posiciones de liderazgo sirio.<\/p>\n<p style=\"text-align: justify\">Zajarova en una entrevista con la cadena \u201cAqu\u00ed Mosc\u00fa\u201d dijo: \u201cno hemos reforzado a nadie en Siria sino al ej\u00e9rcito sirio en su lucha contra las organizaciones terroristas, y antes de todo est\u00e1bamos en Siria para defendernos a nosotros mismos\u201d.<\/p>\n<p style=\"text-align: justify\">La misma a\u00f1adi\u00f3 que los intentos de Occidente de pintar que la operaci\u00f3n de las fuerzas de Rusia contra el terrorismo en Siria como \u201cun nuevo Afganist\u00e1n\u201d fue una propaganda pagada que fracas\u00f3 y que sus organizadores comenzaron a retirarse de sus posiciones.<\/p>\n<p style=\"text-align: justify\">La diplom\u00e1tica se\u00f1al\u00f3 que la situaci\u00f3n en Siria encabezar\u00e1 la agenda de la visita del secretario de Estado estadounidense John Kerry a Rusia la pr\u00f3xima semana.<\/p>\n<p>Hala B., Riad Sh.<\/p>\n","protected":false},"excerpt":{"rendered":"<p>Mosc\u00fa, SANA La portavoz del Ministerio de Exteriores ruso Mar\u00eda Zajarova afirm\u00f3 que La reducci\u00f3n del n\u00famero de las tropas rusas en Siria no debilitar\u00e1 al ej\u00e9rcito sirio ni las posiciones de liderazgo sirio. Zajarova en una entrevista con la cadena \u201cAqu\u00ed Mosc\u00fa\u201d dijo: \u201cno hemos reforzado a nadie en Siria sino al ej\u00e9rcito sirio &hellip;<\/p>\n","protected":false},"author":1,"featured_media":38759,"comment_status":"closed","ping_status":"closed","sticky":false,"template":"","format":"standard","meta":{"footnotes":""},"categories":[597,457,576,7541],"tags":[8226],"class_list":["post-40139","post","type-post","status-publish","format-standard","has-post-thumbnail","","category-cinta-de-noticias","category-noticias-arabe-internacional-politica","category-noticias-politicas","category-ultimas-noticias","tag-zajarova-la-reduccion-del-numero-de-las-tropas-rusas-en-siria-no-debilitara-el-ejercito-sirio-ni-las-posiciones-de-liderazgo-sirio"],"_links":{"self":[{"href":"https:\/\/archive.sana.sy\/es\/index.php?rest_route=\/wp\/v2\/posts\/40139"}],"collection":[{"href":"https:\/\/archive.sana.sy\/es\/index.php?rest_route=\/wp\/v2\/posts"}],"about":[{"href":"https:\/\/archive.sana.sy\/es\/index.php?rest_route=\/wp\/v2\/types\/post"}],"author":[{"embeddable":true,"href":"https:\/\/archive.sana.sy\/es\/index.php?rest_route=\/wp\/v2\/users\/1"}],"replies":[{"embeddable":true,"href":"https:\/\/archive.sana.sy\/es\/index.php?rest_route=%2Fwp%2Fv2%2Fcomments&post=40139"}],"version-history":[{"count":0,"href":"https:\/\/archive.sana.sy\/es\/index.php?rest_route=\/wp\/v2\/posts\/40139\/revisions"}],"wp:featuredmedia":[{"embeddable":true,"href":"https:\/\/archive.sana.sy\/es\/index.php?rest_route=\/wp\/v2\/media\/38759"}],"wp:attachment":[{"href":"https:\/\/archive.sana.sy\/es\/index.php?rest_route=%2Fwp%2Fv2%2Fmedia&parent=40139"}],"wp:term":[{"taxonomy":"category","embeddable":true,"href":"https:\/\/archive.sana.sy\/es\/index.php?rest_route=%2Fwp%2Fv2%2Fcategories&post=40139"},{"taxonomy":"post_tag","embeddable":true,"href":"https:\/\/archive.sana.sy\/es\/index.php?rest_route=%2Fwp%2Fv2%2Ftags&post=40139"}],"curies":[{"name":"wp","href":"https:\/\/api.w.org\/{rel}","templated":true}]}}