{"id":40147,"date":"2016-03-16T15:58:40","date_gmt":"2016-03-16T13:58:40","guid":{"rendered":"http:\/\/www.sana.sy\/es\/?p=40147"},"modified":"2016-03-16T22:06:24","modified_gmt":"2016-03-16T20:06:24","slug":"rusia-reitera-su-apoyo-al-derecho-de-los-sirios-a-la-autodeterminacion","status":"publish","type":"post","link":"https:\/\/archive.sana.sy\/es\/?p=40147","title":{"rendered":"Rusia reitera su apoyo al derecho de los sirios a la autodeterminaci\u00f3n"},"content":{"rendered":"<p style=\"text-align: justify\"><span style=\"color: #800000\"><span lang=\"ES\">Mosc<\/span><span lang=\"ES\">\u00fa, SANA<\/span><\/span><\/p>\n<p style=\"text-align: justify\"><span lang=\"ES\">El canciller ruso, Serguei Lavrov afirm\u00f3 que el pueblo sirio es el que decide su propio futuro, lo cual est\u00e1 confirmado en<\/span><\/p>\n<p style=\"text-align: justify\"><span lang=\"ES\">Durante una rueda de prensa celebrada este mi\u00e9rcoles con su hom\u00f3logo egipcio, Sameh Shukri, Lavrov dijo que el \u00e9xito del alto el fuego en Siria es relativo hasta ahora, sin embargo desarrollar\u00e1 m\u00e1s con la continuaci\u00f3n del di\u00e1logo sirio-sirio en Ginebra.<\/span><\/p>\n<p style=\"text-align: justify\"><span lang=\"ES\">\u201cMarcamos un progreso en todos los cursos del arreglo pol\u00edtico de la crisis en Siria\u201d, asever\u00f3 el jefe de la diplomacia rusa.<\/span><\/p>\n<p style=\"text-align: justify\"><span lang=\"ES\">Asimismo destac\u00f3 la necesidad de que el r\u00e9gimen turco se adhiera a las resoluciones del Consejo de Seguridad de la ONU que proh\u00edben el ingreso de los terroristas y sus armas en el territorio sirio o la compra del petr\u00f3leo saqueado a las organizaciones terroristas.<\/span><\/p>\n<p style=\"text-align: justify\">Lavrov exigi\u00f3 el Consejo de Seguridad de la ONU tomar medidas firmes contra el r\u00e9gimen turco que viola la soberan\u00eda de Siria y torpedea los esfuerzos internacionales encaminadas a lanzar el proceso pol\u00edtico en esta naci\u00f3n y garantizar el acceso de la ayuda humanitaria.<\/p>\n<p>Por su parte, el canciller egipcio destac\u00f3 la importancia de que la comunidad internacional desempe\u00f1e serios esfuerzos para impedir el flujo de los terroristas por v\u00eda de las fronteras y cortar el apoyo financiero y log\u00edstico a los mismos.<\/p>\n<p>Shukri consider\u00f3 que la crisis en Siria present\u00f3 una gran oportunidad a las organizaciones terroristas para infiltrarse en Siria, resaltando la necesidad de garantizar el \u00e9xito de los esfuerzos destinados a acabar con esta amenaza terrorista transfronteriza.<\/p>\n<p style=\"text-align: justify\"><span style=\"color: #0000ff\">Lynn., Hala B.<\/span><\/p>\n","protected":false},"excerpt":{"rendered":"<p>Mosc\u00fa, SANA El canciller ruso, Serguei Lavrov afirm\u00f3 que el pueblo sirio es el que decide su propio futuro, lo cual est\u00e1 confirmado en Durante una rueda de prensa celebrada este mi\u00e9rcoles con su hom\u00f3logo egipcio, Sameh Shukri, Lavrov dijo que el \u00e9xito del alto el fuego en Siria es relativo hasta ahora, sin embargo &hellip;<\/p>\n","protected":false},"author":1,"featured_media":40199,"comment_status":"closed","ping_status":"closed","sticky":false,"template":"","format":"standard","meta":{"footnotes":""},"categories":[597,457,7541],"tags":[],"class_list":["post-40147","post","type-post","status-publish","format-standard","has-post-thumbnail","","category-cinta-de-noticias","category-noticias-arabe-internacional-politica","category-ultimas-noticias"],"_links":{"self":[{"href":"https:\/\/archive.sana.sy\/es\/index.php?rest_route=\/wp\/v2\/posts\/40147"}],"collection":[{"href":"https:\/\/archive.sana.sy\/es\/index.php?rest_route=\/wp\/v2\/posts"}],"about":[{"href":"https:\/\/archive.sana.sy\/es\/index.php?rest_route=\/wp\/v2\/types\/post"}],"author":[{"embeddable":true,"href":"https:\/\/archive.sana.sy\/es\/index.php?rest_route=\/wp\/v2\/users\/1"}],"replies":[{"embeddable":true,"href":"https:\/\/archive.sana.sy\/es\/index.php?rest_route=%2Fwp%2Fv2%2Fcomments&post=40147"}],"version-history":[{"count":0,"href":"https:\/\/archive.sana.sy\/es\/index.php?rest_route=\/wp\/v2\/posts\/40147\/revisions"}],"wp:featuredmedia":[{"embeddable":true,"href":"https:\/\/archive.sana.sy\/es\/index.php?rest_route=\/wp\/v2\/media\/40199"}],"wp:attachment":[{"href":"https:\/\/archive.sana.sy\/es\/index.php?rest_route=%2Fwp%2Fv2%2Fmedia&parent=40147"}],"wp:term":[{"taxonomy":"category","embeddable":true,"href":"https:\/\/archive.sana.sy\/es\/index.php?rest_route=%2Fwp%2Fv2%2Fcategories&post=40147"},{"taxonomy":"post_tag","embeddable":true,"href":"https:\/\/archive.sana.sy\/es\/index.php?rest_route=%2Fwp%2Fv2%2Ftags&post=40147"}],"curies":[{"name":"wp","href":"https:\/\/api.w.org\/{rel}","templated":true}]}}