{"id":40150,"date":"2016-03-16T15:55:13","date_gmt":"2016-03-16T13:55:13","guid":{"rendered":"http:\/\/www.sana.sy\/es\/?p=40150"},"modified":"2016-03-16T16:38:10","modified_gmt":"2016-03-16T14:38:10","slug":"el-consejo-de-seguridad-ruso-rusia-esta-coherente-con-su-postura-en-la-continuacion-de-golpear-al-terrorismo-en-siria","status":"publish","type":"post","link":"https:\/\/archive.sana.sy\/es\/?p=40150","title":{"rendered":"El Consejo de Seguridad ruso: Rusia est\u00e1 coherente con su postura en la continuaci\u00f3n de golpear al terrorismo en Siria"},"content":{"rendered":"<p><span style=\"color: #800000\">Han\u00f3i, SANA<\/span><\/p>\n<p>El Vice secretario del Consejo de Seguridad Nacional ruso Yevgeny Lokianov afirm\u00f3 la postura de Rusia coherente con la continuaci\u00f3n de luchar contra los terroristas internacionales en Siria.<\/p>\n<p>Lokianov dijo a la agencia de Sputnik \u00a8aqu\u00ed estamos tomando una posici\u00f3n firme en pro de eliminar a la organizaci\u00f3n terrorista de Daesh y el Frente Nusra y a otras organizaciones\u00a8.<\/p>\n<p>Lokianov se\u00f1al\u00f3 que nuestro objetivo de los operativos militares en Siria fue para proteger a las fronteras rusas de los terroristas incluidos a los que vienen de Rusia y los pa\u00edses de CEI.<\/p>\n<p>El mismo precis\u00f3 que Rusia conservar\u00e1 su presencia militar en la base marina en Tartus y en la base de Hamymim y continuar\u00e1 dirigiendo golpes a los sitios de los terroristas en Siria.<\/p>\n<p>Lokianov hizo hincapi\u00e9 en que la pol\u00edtica de Rusia a favor de la conciliaci\u00f3n en Siria protege el derecho soberan\u00eda del pueblo en elegir a su presidente, se\u00f1alando que hay una oportunidad real con el cese de las hostilidades a pesar de su fragilidad.<\/p>\n<p>\u201cLa intervenci\u00f3n militar en los asuntos internos de los pa\u00edses se considera una violaci\u00f3n de ley internacional y conduce a un camino cerrado\u201d, agreg\u00f3.<\/p>\n<p>El responsable dijo que Rusia desde principio decidi\u00f3 que las operaciones militares van a ser cortas y r\u00e1pidas y eso fue lo que pas\u00f3, agregando que la intensidad de nuestros operativos durante este tiempo no se compara con lo que hizo la coalici\u00f3n internacional durante dos a\u00f1os donde logramos pr\u00e1cticamente socavar la base militar de los terroristas.<\/p>\n<p><span style=\"color: #0000ff\">Rusia reitera determinaci\u00f3n de combatir el terrorismo en Siria<\/span><\/p>\n<p>En el mismo contexto, el portavoz del Consejo ruso de Duma, Serguei Nayrishkin reiter\u00f3 la determinaci\u00f3n de Rusia de proseguir sus operativos contra las organizaciones terroristas en Siria.<\/p>\n<p>Al recibir al canciller egipcio en Mosc\u00fa, el alto funcionario ruso se\u00f1al\u00f3 que \u201clas organizaciones terroristas del Frente de al-Nousra y el Estado Isl\u00e1mico, entre otras nombradas por el Consejo de Seguridad de la ONU, han sido excluidas del alto el fuego. \u00a0Los ataques a\u00e9reos continuar\u00e1n contra las mismas\u201d.<\/p>\n<p>Asimismo subray\u00f3 que la lucha contra el terrorismo internacional es una misi\u00f3n conjunta de la comunidad civilizada, enfatizando que \u201cRusia desempe\u00f1ar\u00e1 uno de los papeles claves en este sentido\u201d.<\/p>\n<p>&nbsp;<\/p>\n<p>Hala B., Riyad Sh., Lynn A.<\/p>\n","protected":false},"excerpt":{"rendered":"<p>Han\u00f3i, SANA El Vice secretario del Consejo de Seguridad Nacional ruso Yevgeny Lokianov afirm\u00f3 la postura de Rusia coherente con la continuaci\u00f3n de luchar contra los terroristas internacionales en Siria. Lokianov dijo a la agencia de Sputnik \u00a8aqu\u00ed estamos tomando una posici\u00f3n firme en pro de eliminar a la organizaci\u00f3n terrorista de Daesh y el &hellip;<\/p>\n","protected":false},"author":24,"featured_media":40151,"comment_status":"closed","ping_status":"closed","sticky":false,"template":"","format":"standard","meta":{"footnotes":""},"categories":[597,467,7541],"tags":[],"class_list":["post-40150","post","type-post","status-publish","format-standard","has-post-thumbnail","","category-cinta-de-noticias","category-siria-y-el-mundo","category-ultimas-noticias"],"_links":{"self":[{"href":"https:\/\/archive.sana.sy\/es\/index.php?rest_route=\/wp\/v2\/posts\/40150"}],"collection":[{"href":"https:\/\/archive.sana.sy\/es\/index.php?rest_route=\/wp\/v2\/posts"}],"about":[{"href":"https:\/\/archive.sana.sy\/es\/index.php?rest_route=\/wp\/v2\/types\/post"}],"author":[{"embeddable":true,"href":"https:\/\/archive.sana.sy\/es\/index.php?rest_route=\/wp\/v2\/users\/24"}],"replies":[{"embeddable":true,"href":"https:\/\/archive.sana.sy\/es\/index.php?rest_route=%2Fwp%2Fv2%2Fcomments&post=40150"}],"version-history":[{"count":0,"href":"https:\/\/archive.sana.sy\/es\/index.php?rest_route=\/wp\/v2\/posts\/40150\/revisions"}],"wp:featuredmedia":[{"embeddable":true,"href":"https:\/\/archive.sana.sy\/es\/index.php?rest_route=\/wp\/v2\/media\/40151"}],"wp:attachment":[{"href":"https:\/\/archive.sana.sy\/es\/index.php?rest_route=%2Fwp%2Fv2%2Fmedia&parent=40150"}],"wp:term":[{"taxonomy":"category","embeddable":true,"href":"https:\/\/archive.sana.sy\/es\/index.php?rest_route=%2Fwp%2Fv2%2Fcategories&post=40150"},{"taxonomy":"post_tag","embeddable":true,"href":"https:\/\/archive.sana.sy\/es\/index.php?rest_route=%2Fwp%2Fv2%2Ftags&post=40150"}],"curies":[{"name":"wp","href":"https:\/\/api.w.org\/{rel}","templated":true}]}}