{"id":40213,"date":"2016-03-17T12:08:34","date_gmt":"2016-03-17T10:08:34","guid":{"rendered":"http:\/\/www.sana.sy\/es\/?p=40213"},"modified":"2016-03-17T12:08:34","modified_gmt":"2016-03-17T10:08:34","slug":"detienen-en-rusia-a-terroristas-vinculados-al-ei","status":"publish","type":"post","link":"https:\/\/archive.sana.sy\/es\/?p=40213","title":{"rendered":"Detienen en Rusia a terroristas vinculados al EI"},"content":{"rendered":"<p style=\"text-align: justify\"><span style=\"color: #800000\">Mosc\u00fa, SANA<\/span><\/p>\n<p>Las fuerzas de seguridad rusas desarticularon en la rep\u00fablica de Daguest\u00e1n, en el C\u00e1ucaso ruso, a un comando terrorista vinculado a la organizaci\u00f3n takfirista del Estado Isl\u00e1mico (EI) con una tonelada de explosivos.<\/p>\n<p>Seg\u00fan inform\u00f3 la agencia rusa Sputnik, el Comit\u00e9 Nacional Antiterrorista declar\u00f3 que &#8220;los agentes capturaron a tres individuos relacionados con la organizaci\u00f3n terrorista del EI, que confesaron el lugar donde ocultaban casi una tonelada de explosivos y cuatro bombas&#8221;.<\/p>\n<p>Seg\u00fan el organismo, el comando terrorista planeaba perpetrar una ola de atentados en el pa\u00eds.<\/p>\n<p>La entidad subray\u00f3 que el desmantelamiento de la c\u00e9lula permiti\u00f3 prevenir ataques extremistas que habr\u00edan causado m\u00faltiples v\u00edctimas.<\/p>\n<p style=\"text-align: justify\"><span style=\"color: #0000ff\">Fady M., Hala B.<\/span><\/p>\n","protected":false},"excerpt":{"rendered":"<p>Mosc\u00fa, SANA Las fuerzas de seguridad rusas desarticularon en la rep\u00fablica de Daguest\u00e1n, en el C\u00e1ucaso ruso, a un comando terrorista vinculado a la organizaci\u00f3n takfirista del Estado Isl\u00e1mico (EI) con una tonelada de explosivos. Seg\u00fan inform\u00f3 la agencia rusa Sputnik, el Comit\u00e9 Nacional Antiterrorista declar\u00f3 que &#8220;los agentes capturaron a tres individuos relacionados con &hellip;<\/p>\n","protected":false},"author":1,"featured_media":40214,"comment_status":"closed","ping_status":"closed","sticky":false,"template":"","format":"standard","meta":{"footnotes":""},"categories":[597,456,457,576],"tags":[8232],"class_list":["post-40213","post","type-post","status-publish","format-standard","has-post-thumbnail","","category-cinta-de-noticias","category-arabe-internacional-politica","category-noticias-arabe-internacional-politica","category-noticias-politicas","tag-detienen-en-rusia-a-terroristas-vinculados-al-ei"],"_links":{"self":[{"href":"https:\/\/archive.sana.sy\/es\/index.php?rest_route=\/wp\/v2\/posts\/40213"}],"collection":[{"href":"https:\/\/archive.sana.sy\/es\/index.php?rest_route=\/wp\/v2\/posts"}],"about":[{"href":"https:\/\/archive.sana.sy\/es\/index.php?rest_route=\/wp\/v2\/types\/post"}],"author":[{"embeddable":true,"href":"https:\/\/archive.sana.sy\/es\/index.php?rest_route=\/wp\/v2\/users\/1"}],"replies":[{"embeddable":true,"href":"https:\/\/archive.sana.sy\/es\/index.php?rest_route=%2Fwp%2Fv2%2Fcomments&post=40213"}],"version-history":[{"count":0,"href":"https:\/\/archive.sana.sy\/es\/index.php?rest_route=\/wp\/v2\/posts\/40213\/revisions"}],"wp:featuredmedia":[{"embeddable":true,"href":"https:\/\/archive.sana.sy\/es\/index.php?rest_route=\/wp\/v2\/media\/40214"}],"wp:attachment":[{"href":"https:\/\/archive.sana.sy\/es\/index.php?rest_route=%2Fwp%2Fv2%2Fmedia&parent=40213"}],"wp:term":[{"taxonomy":"category","embeddable":true,"href":"https:\/\/archive.sana.sy\/es\/index.php?rest_route=%2Fwp%2Fv2%2Fcategories&post=40213"},{"taxonomy":"post_tag","embeddable":true,"href":"https:\/\/archive.sana.sy\/es\/index.php?rest_route=%2Fwp%2Fv2%2Ftags&post=40213"}],"curies":[{"name":"wp","href":"https:\/\/api.w.org\/{rel}","templated":true}]}}