{"id":40332,"date":"2016-03-19T11:30:04","date_gmt":"2016-03-19T09:30:04","guid":{"rendered":"http:\/\/www.sana.sy\/es\/?p=40332"},"modified":"2016-03-19T18:43:42","modified_gmt":"2016-03-19T16:43:42","slug":"kerry-visita-a-moscu-del-22-al-25-de-marzo","status":"publish","type":"post","link":"https:\/\/archive.sana.sy\/es\/?p=40332","title":{"rendered":"Kerry visita a Mosc\u00fa del 22 al 25 de marzo"},"content":{"rendered":"<p><span style=\"color: #800000\">Washington, SANA<\/span><\/p>\n<p style=\"text-align: justify\">El servicio de prensa del Departamento de Estado anunci\u00f3 que el secretario de Estado de EEUU visitar\u00e1 Mosc\u00fa del 22 al 25 de marzo, donde se reunir\u00e1 con la dirigencia de Rusia.<\/p>\n<p style=\"text-align: justify\">Seg\u00fan el comunicado divulgado, &#8220;las partes debatir\u00e1n los esfuerzos del grupo internacional de apoyo a Siria para mantener el cese al fuego, la ampliaci\u00f3n de los suministros humanitarios, el apoyo a proceso de paz en Siria y a la lucha contra el grupo terrorista del Estado Isl\u00e1mico.<\/p>\n<p style=\"text-align: justify\">El secretario de Estado tambi\u00e9n espera conversar con la parte rusa el tema de Ucrania y &#8220;la necesidad de la implementaci\u00f3n de los Acuerdos de Minsk.<\/p>\n<p>Fady M., Lynn A.<\/p>\n","protected":false},"excerpt":{"rendered":"<p>Washington, SANA El servicio de prensa del Departamento de Estado anunci\u00f3 que el secretario de Estado de EEUU visitar\u00e1 Mosc\u00fa del 22 al 25 de marzo, donde se reunir\u00e1 con la dirigencia de Rusia. Seg\u00fan el comunicado divulgado, &#8220;las partes debatir\u00e1n los esfuerzos del grupo internacional de apoyo a Siria para mantener el cese al &hellip;<\/p>\n","protected":false},"author":24,"featured_media":39356,"comment_status":"closed","ping_status":"closed","sticky":false,"template":"","format":"standard","meta":{"footnotes":""},"categories":[456,457,7541],"tags":[],"class_list":["post-40332","post","type-post","status-publish","format-standard","has-post-thumbnail","","category-arabe-internacional-politica","category-noticias-arabe-internacional-politica","category-ultimas-noticias"],"_links":{"self":[{"href":"https:\/\/archive.sana.sy\/es\/index.php?rest_route=\/wp\/v2\/posts\/40332"}],"collection":[{"href":"https:\/\/archive.sana.sy\/es\/index.php?rest_route=\/wp\/v2\/posts"}],"about":[{"href":"https:\/\/archive.sana.sy\/es\/index.php?rest_route=\/wp\/v2\/types\/post"}],"author":[{"embeddable":true,"href":"https:\/\/archive.sana.sy\/es\/index.php?rest_route=\/wp\/v2\/users\/24"}],"replies":[{"embeddable":true,"href":"https:\/\/archive.sana.sy\/es\/index.php?rest_route=%2Fwp%2Fv2%2Fcomments&post=40332"}],"version-history":[{"count":0,"href":"https:\/\/archive.sana.sy\/es\/index.php?rest_route=\/wp\/v2\/posts\/40332\/revisions"}],"wp:featuredmedia":[{"embeddable":true,"href":"https:\/\/archive.sana.sy\/es\/index.php?rest_route=\/wp\/v2\/media\/39356"}],"wp:attachment":[{"href":"https:\/\/archive.sana.sy\/es\/index.php?rest_route=%2Fwp%2Fv2%2Fmedia&parent=40332"}],"wp:term":[{"taxonomy":"category","embeddable":true,"href":"https:\/\/archive.sana.sy\/es\/index.php?rest_route=%2Fwp%2Fv2%2Fcategories&post=40332"},{"taxonomy":"post_tag","embeddable":true,"href":"https:\/\/archive.sana.sy\/es\/index.php?rest_route=%2Fwp%2Fv2%2Ftags&post=40332"}],"curies":[{"name":"wp","href":"https:\/\/api.w.org\/{rel}","templated":true}]}}