{"id":40343,"date":"2016-03-19T13:14:18","date_gmt":"2016-03-19T11:14:18","guid":{"rendered":"http:\/\/www.sana.sy\/es\/?p=40343"},"modified":"2016-03-19T18:43:15","modified_gmt":"2016-03-19T16:43:15","slug":"cuatro-muertos-y-20-heridos-en-un-atentado-suicida-en-el-centro-de-estambul","status":"publish","type":"post","link":"https:\/\/archive.sana.sy\/es\/?p=40343","title":{"rendered":"Cinco muertos y decenas de heridos en un atentado suicida en el centro de Estambul"},"content":{"rendered":"<p><span style=\"color: #800000\">Ankara, SANA<\/span><\/p>\n<p style=\"text-align: justify\">Una explosi\u00f3n se produjo ante el edificio del ayuntamiento del distrito de Beyoglu en la ciudad de Estambul, dejando cinco\u00a0personas muertas y otras 36\u00a0resultaron heridas.<\/p>\n<p style=\"text-align: justify\">Seg\u00fan el alcalde de Estambul, la explosi\u00f3n fue perpetrada por una terrorista suicida.<br \/>\nLa explosi\u00f3n se perpetr\u00f3 a las 12:00 horas en la avenida tur\u00edstica Istiklal cerca de un centro comercial.<\/p>\n<p style=\"text-align: justify\">En la calle se ubican varias representaciones diplom\u00e1ticas extranjeras as\u00ed como el Consulado General de Rusia.<\/p>\n<p style=\"text-align: justify\">Las autoridades turcas impusieron restricciones a la cobertura del atentado en Estambul en los medios de comunicaci\u00f3n.<\/p>\n<p>&nbsp;<\/p>\n<p>Fady M., Lynn A.<\/p>\n","protected":false},"excerpt":{"rendered":"<p>Ankara, SANA Una explosi\u00f3n se produjo ante el edificio del ayuntamiento del distrito de Beyoglu en la ciudad de Estambul, dejando cinco\u00a0personas muertas y otras 36\u00a0resultaron heridas. Seg\u00fan el alcalde de Estambul, la explosi\u00f3n fue perpetrada por una terrorista suicida. La explosi\u00f3n se perpetr\u00f3 a las 12:00 horas en la avenida tur\u00edstica Istiklal cerca de &hellip;<\/p>\n","protected":false},"author":24,"featured_media":40344,"comment_status":"closed","ping_status":"closed","sticky":false,"template":"","format":"standard","meta":{"footnotes":""},"categories":[456,457,7541],"tags":[],"class_list":["post-40343","post","type-post","status-publish","format-standard","has-post-thumbnail","","category-arabe-internacional-politica","category-noticias-arabe-internacional-politica","category-ultimas-noticias"],"_links":{"self":[{"href":"https:\/\/archive.sana.sy\/es\/index.php?rest_route=\/wp\/v2\/posts\/40343"}],"collection":[{"href":"https:\/\/archive.sana.sy\/es\/index.php?rest_route=\/wp\/v2\/posts"}],"about":[{"href":"https:\/\/archive.sana.sy\/es\/index.php?rest_route=\/wp\/v2\/types\/post"}],"author":[{"embeddable":true,"href":"https:\/\/archive.sana.sy\/es\/index.php?rest_route=\/wp\/v2\/users\/24"}],"replies":[{"embeddable":true,"href":"https:\/\/archive.sana.sy\/es\/index.php?rest_route=%2Fwp%2Fv2%2Fcomments&post=40343"}],"version-history":[{"count":0,"href":"https:\/\/archive.sana.sy\/es\/index.php?rest_route=\/wp\/v2\/posts\/40343\/revisions"}],"wp:featuredmedia":[{"embeddable":true,"href":"https:\/\/archive.sana.sy\/es\/index.php?rest_route=\/wp\/v2\/media\/40344"}],"wp:attachment":[{"href":"https:\/\/archive.sana.sy\/es\/index.php?rest_route=%2Fwp%2Fv2%2Fmedia&parent=40343"}],"wp:term":[{"taxonomy":"category","embeddable":true,"href":"https:\/\/archive.sana.sy\/es\/index.php?rest_route=%2Fwp%2Fv2%2Fcategories&post=40343"},{"taxonomy":"post_tag","embeddable":true,"href":"https:\/\/archive.sana.sy\/es\/index.php?rest_route=%2Fwp%2Fv2%2Ftags&post=40343"}],"curies":[{"name":"wp","href":"https:\/\/api.w.org\/{rel}","templated":true}]}}