{"id":40380,"date":"2016-03-19T14:25:25","date_gmt":"2016-03-19T12:25:25","guid":{"rendered":"http:\/\/www.sana.sy\/es\/?p=40380"},"modified":"2016-03-19T18:42:43","modified_gmt":"2016-03-19T16:42:43","slug":"jeques-y-dignitarios-de-hassakeh-rechazan-la-llamada-federacion-en-el-norte-de-siria","status":"publish","type":"post","link":"https:\/\/archive.sana.sy\/es\/?p=40380","title":{"rendered":"Jeques y dignatarios de Hassakeh rechazan la llamada \u201cfederaci\u00f3n\u201d en el norte de Siria"},"content":{"rendered":"<p><span style=\"color: #800000\">Damasco, SANA<\/span><\/p>\n<p style=\"text-align: justify\">La Asamblea de Jeques y Dignatarios de Tribus sirias en la provincia de Hassakeh ha emitido este s\u00e1bado un comunicado en el que afirm\u00f3 que el anuncio de la llamada \u201cFederaci\u00f3n en el norte de Siria\u201d tras la reuni\u00f3n de al-Rmeilan representa un antecedente que menoscaba la Constituci\u00f3n de la Rep\u00fablica \u00c1rabe Siria y amenaza su geograf\u00eda e historia a trav\u00e9s de buscar designar planes y mapas e imponer nuevos nombres que s\u00f3lo representan los anhelos de las personas que alegan representar a los vecinos del norte de Siria.<\/p>\n<p style=\"text-align: justify\">Recalc\u00f3 que estos vecinos son una parte de la sola Rep\u00fablica \u00c1rabe Siria.<\/p>\n<p style=\"text-align: justify\">Consider\u00f3 que este anuncio es una reacci\u00f3n ante la exclusi\u00f3n de los kurdos del di\u00e1logo intersirio de Ginebra, afirmando que estos \u00faltimos son un componente principal de la sociedad siria y no ha de excluirlo de la participaci\u00f3n en el proceso de la determinaci\u00f3n del futuro de Siria.<\/p>\n<p style=\"text-align: justify\">La Asamblea recalc\u00f3 que ning\u00fan componente [de la sociedad siria] tiene derecho a eliminar de forma unilateral el sistema pol\u00edtico y la estructura del Estado sirio a consecuencia de una reacci\u00f3n cuyos resultados no son estudiados, por la amenaza que representa esta actitud para la unidad geogr\u00e1fica y demogr\u00e1fica de Siria.<\/p>\n<p>&nbsp;<\/p>\n<p>Lynn A.<\/p>\n","protected":false},"excerpt":{"rendered":"<p>Damasco, SANA La Asamblea de Jeques y Dignatarios de Tribus sirias en la provincia de Hassakeh ha emitido este s\u00e1bado un comunicado en el que afirm\u00f3 que el anuncio de la llamada \u201cFederaci\u00f3n en el norte de Siria\u201d tras la reuni\u00f3n de al-Rmeilan representa un antecedente que menoscaba la Constituci\u00f3n de la Rep\u00fablica \u00c1rabe Siria &hellip;<\/p>\n","protected":false},"author":24,"featured_media":40381,"comment_status":"closed","ping_status":"closed","sticky":false,"template":"","format":"standard","meta":{"footnotes":""},"categories":[477,597,476,7541],"tags":[],"class_list":["post-40380","post","type-post","status-publish","format-standard","has-post-thumbnail","","category-noticias-edulcorantes","category-cinta-de-noticias","category-locales","category-ultimas-noticias"],"_links":{"self":[{"href":"https:\/\/archive.sana.sy\/es\/index.php?rest_route=\/wp\/v2\/posts\/40380"}],"collection":[{"href":"https:\/\/archive.sana.sy\/es\/index.php?rest_route=\/wp\/v2\/posts"}],"about":[{"href":"https:\/\/archive.sana.sy\/es\/index.php?rest_route=\/wp\/v2\/types\/post"}],"author":[{"embeddable":true,"href":"https:\/\/archive.sana.sy\/es\/index.php?rest_route=\/wp\/v2\/users\/24"}],"replies":[{"embeddable":true,"href":"https:\/\/archive.sana.sy\/es\/index.php?rest_route=%2Fwp%2Fv2%2Fcomments&post=40380"}],"version-history":[{"count":0,"href":"https:\/\/archive.sana.sy\/es\/index.php?rest_route=\/wp\/v2\/posts\/40380\/revisions"}],"wp:featuredmedia":[{"embeddable":true,"href":"https:\/\/archive.sana.sy\/es\/index.php?rest_route=\/wp\/v2\/media\/40381"}],"wp:attachment":[{"href":"https:\/\/archive.sana.sy\/es\/index.php?rest_route=%2Fwp%2Fv2%2Fmedia&parent=40380"}],"wp:term":[{"taxonomy":"category","embeddable":true,"href":"https:\/\/archive.sana.sy\/es\/index.php?rest_route=%2Fwp%2Fv2%2Fcategories&post=40380"},{"taxonomy":"post_tag","embeddable":true,"href":"https:\/\/archive.sana.sy\/es\/index.php?rest_route=%2Fwp%2Fv2%2Ftags&post=40380"}],"curies":[{"name":"wp","href":"https:\/\/api.w.org\/{rel}","templated":true}]}}