{"id":40450,"date":"2016-03-21T12:15:29","date_gmt":"2016-03-21T10:15:29","guid":{"rendered":"http:\/\/www.sana.sy\/es\/?p=40450"},"modified":"2016-03-21T12:16:04","modified_gmt":"2016-03-21T10:16:04","slug":"siria-resiste-un-documental-presentado-en-un-acto-de-solidaridad-con-siria-en-la-capital-la-habana","status":"publish","type":"post","link":"https:\/\/archive.sana.sy\/es\/?p=40450","title":{"rendered":"\u201cSiria Resiste\u201d, un documental presentado en un acto de solidaridad con Siria en la capital La Habana"},"content":{"rendered":"<p style=\"text-align: justify\"><span style=\"color: #800000\">La Habana, SANA<\/span><\/p>\n<p style=\"text-align: justify\">Detalles in\u00e9ditos sobre la conspiraci\u00f3n terrorista contra Siria, que ya cumple cinco a\u00f1os, se revelaron en la capital La Habana en un acto de solidaridad con Damasco.<\/p>\n<p style=\"text-align: justify\">Secuencias f\u00edlmicas mostraron el transcurrir de per\u00edodos en la vida del pueblo sirios -antes y despu\u00e9s de la guerra orquestada por Occidente- etapas que al contrastarse evidencia c\u00f3mo oper\u00f3 un plan para derrocar al gobierno sirio, Bashar Al Assad, iniciado con manifestaciones callejeras y que desemboc\u00f3 en la guerra.<\/p>\n<p style=\"text-align: justify\"><img loading=\"lazy\" decoding=\"async\" class=\"alignnone size-medium wp-image-40454\" src=\"http:\/\/www.sana.sy\/es\/wp-content\/uploads\/2016\/03\/loooo-300x150.jpg\" alt=\"loooo\" width=\"300\" height=\"150\" srcset=\"https:\/\/archive.sana.sy\/es\/wp-content\/uploads\/2016\/03\/loooo-300x150.jpg 300w, https:\/\/archive.sana.sy\/es\/wp-content\/uploads\/2016\/03\/loooo-150x75.jpg 150w, https:\/\/archive.sana.sy\/es\/wp-content\/uploads\/2016\/03\/loooo.jpg 660w\" sizes=\"(max-width: 300px) 100vw, 300px\" \/><\/p>\n<p style=\"text-align: justify\">El jefe de la misi\u00f3n diplom\u00e1tica de Siria en La Habana, Loai Aloja, destac\u00f3 que la guerra contra Siria es una reacci\u00f3n salvaje contra el respaldo de Damasco a las causas progresistas \u00e1rabes.<\/p>\n<p style=\"text-align: justify\">Puntualiz\u00f3 que Damasco sufre un complot externo para lo cual se vale de fuerzas mercenarias que tratan de convertir en t\u00edtere a ese Estado, al interesar derrocar al presidente, Bashar Al Assad.<\/p>\n<p style=\"text-align: justify\">El diplom\u00e1tico se refiri\u00f3 a la doctrina subversiva sobre el Gran Medio Oriente, que dio paso a cambios de gobiernos en el Magreb y el Levante, y en cuya estrategia estaba destruir a Siria, cuna de la civilizaci\u00f3n, y cuando el pa\u00eds se resisti\u00f3 a la embestida ideol\u00f3gica se le impuso el conflicto armado.<\/p>\n<p style=\"text-align: justify\">Al enumerar aspectos de la din\u00e1mica del conflicto b\u00e9lico, Loai Aloja, cit\u00f3 explosiones de coches bombas, hambre, miedo, destrucci\u00f3n de instalaciones y r\u00edos de sangre.<\/p>\n<p style=\"text-align: justify\">En una declaraci\u00f3n de la Organizaci\u00f3n de Solidaridad con los Pueblos de Asia, \u00c1frica y Am\u00e9rica Latina (Ospaaal), su secretaria general, Lourdes Cervantes, se\u00f1al\u00f3 la secuela de la guerra impuesta a Siria.<\/p>\n<p style=\"text-align: justify\"><img loading=\"lazy\" decoding=\"async\" class=\"alignnone size-medium wp-image-40452\" src=\"http:\/\/www.sana.sy\/es\/wp-content\/uploads\/2016\/03\/lurrr-300x267.jpg\" alt=\"lurrr\" width=\"300\" height=\"267\" srcset=\"https:\/\/archive.sana.sy\/es\/wp-content\/uploads\/2016\/03\/lurrr-300x267.jpg 300w, https:\/\/archive.sana.sy\/es\/wp-content\/uploads\/2016\/03\/lurrr-150x134.jpg 150w, https:\/\/archive.sana.sy\/es\/wp-content\/uploads\/2016\/03\/lurrr-768x684.jpg 768w, https:\/\/archive.sana.sy\/es\/wp-content\/uploads\/2016\/03\/lurrr.jpg 960w\" sizes=\"(max-width: 300px) 100vw, 300px\" \/><\/p>\n<p style=\"text-align: justify\">Tras referirse al intento de asfixiar econ\u00f3micamente al pa\u00eds, Cervantes reiter\u00f3 que la Ospaaal se pronuncia por la paz en Siria y rechaza la injerencia en sus asuntos internos, as\u00ed como subray\u00f3 el derecho del pueblo sirio a definir su destino.<\/p>\n<p style=\"text-align: justify\">En el colof\u00f3n del encuentro se present\u00f3 el reportaje \u201cSiria Resiste\u201d, un material audiovisual de Miguel Fern\u00e1ndez Mart\u00ednez, excorresponsal permanente de la Agencia Informativa Latinoam\u00e9rica Prensa Latina en Damasco, quien recogi\u00f3 testimonios de la contienda y de sus consecuencias durante el a\u00f1o 2015.<\/p>\n<p style=\"text-align: justify\">Fern\u00e1ndez Mart\u00ednez concentr\u00f3 en 20 minutos sus experiencias y de cercanos en im\u00e1genes que exponen con transparencia aspectos de la subversi\u00f3n de la cual es v\u00edctima Siria y que denuncia la crueldad de la guerra y el horror causado por las bandas terroristas, as\u00ed como la dignidad de su contraparte en la defensa nacional.<\/p>\n<p style=\"text-align: justify\"><img loading=\"lazy\" decoding=\"async\" class=\"alignnone size-medium wp-image-40451\" src=\"http:\/\/www.sana.sy\/es\/wp-content\/uploads\/2016\/03\/1017144_10209086168938249_8832017446852436997_n-300x189.jpg\" alt=\"1017144_10209086168938249_8832017446852436997_n\" width=\"300\" height=\"189\" srcset=\"https:\/\/archive.sana.sy\/es\/wp-content\/uploads\/2016\/03\/1017144_10209086168938249_8832017446852436997_n-300x189.jpg 300w, https:\/\/archive.sana.sy\/es\/wp-content\/uploads\/2016\/03\/1017144_10209086168938249_8832017446852436997_n-150x94.jpg 150w, https:\/\/archive.sana.sy\/es\/wp-content\/uploads\/2016\/03\/1017144_10209086168938249_8832017446852436997_n-768x483.jpg 768w, https:\/\/archive.sana.sy\/es\/wp-content\/uploads\/2016\/03\/1017144_10209086168938249_8832017446852436997_n.jpg 960w\" sizes=\"(max-width: 300px) 100vw, 300px\" \/><\/p>\n<p style=\"text-align: justify\">Asistieron al acto la secretaria de la Organizaci\u00f3n de Solidaridad con los Pueblos de Asia, \u00c1frica y Am\u00e9rica Latina (Ospaaal), Lourdes Cervantes, y el Embajador Rolando Ricky, director del Departamento \u00a0Oriente Medio y \u00c1frica del Norte en el Ministerio cubano de Relaciones Exteriores, adem\u00e1s de un n\u00famero de embajadores, diplom\u00e1ticos y agregados militares acreditados en Cuba.<\/p>\n<p style=\"text-align: justify\">En el acto tambi\u00e9n estuvieron presentes el Secretario del Partido Comunista de Chile y representantes del Partido Comunista de Cuba y de las organizaciones e instituciones cubanas, adem\u00e1s de periodistas, acad\u00e9micos y representantes de la Federaci\u00f3n de Estudiantes Cubanos.<\/p>\n<p style=\"text-align: justify\">Al margen del acto, se organiz\u00f3 una exposici\u00f3n de fotos y l\u00e1minas que reflejan los cr\u00edmenes terroristas y la destrucci\u00f3n sistem\u00e1tica de la infraestructura, cometidos por los grupos terroristas contra el pueblo sirio.<\/p>\n<p style=\"text-align: justify\">Fady M., Hala B.<\/p>\n","protected":false},"excerpt":{"rendered":"<p>La Habana, SANA Detalles in\u00e9ditos sobre la conspiraci\u00f3n terrorista contra Siria, que ya cumple cinco a\u00f1os, se revelaron en la capital La Habana en un acto de solidaridad con Damasco. Secuencias f\u00edlmicas mostraron el transcurrir de per\u00edodos en la vida del pueblo sirios -antes y despu\u00e9s de la guerra orquestada por Occidente- etapas que al &hellip;<\/p>\n","protected":false},"author":1,"featured_media":40453,"comment_status":"closed","ping_status":"closed","sticky":false,"template":"","format":"standard","meta":{"footnotes":""},"categories":[597,576,7541],"tags":[],"class_list":["post-40450","post","type-post","status-publish","format-standard","has-post-thumbnail","","category-cinta-de-noticias","category-noticias-politicas","category-ultimas-noticias"],"_links":{"self":[{"href":"https:\/\/archive.sana.sy\/es\/index.php?rest_route=\/wp\/v2\/posts\/40450"}],"collection":[{"href":"https:\/\/archive.sana.sy\/es\/index.php?rest_route=\/wp\/v2\/posts"}],"about":[{"href":"https:\/\/archive.sana.sy\/es\/index.php?rest_route=\/wp\/v2\/types\/post"}],"author":[{"embeddable":true,"href":"https:\/\/archive.sana.sy\/es\/index.php?rest_route=\/wp\/v2\/users\/1"}],"replies":[{"embeddable":true,"href":"https:\/\/archive.sana.sy\/es\/index.php?rest_route=%2Fwp%2Fv2%2Fcomments&post=40450"}],"version-history":[{"count":0,"href":"https:\/\/archive.sana.sy\/es\/index.php?rest_route=\/wp\/v2\/posts\/40450\/revisions"}],"wp:featuredmedia":[{"embeddable":true,"href":"https:\/\/archive.sana.sy\/es\/index.php?rest_route=\/wp\/v2\/media\/40453"}],"wp:attachment":[{"href":"https:\/\/archive.sana.sy\/es\/index.php?rest_route=%2Fwp%2Fv2%2Fmedia&parent=40450"}],"wp:term":[{"taxonomy":"category","embeddable":true,"href":"https:\/\/archive.sana.sy\/es\/index.php?rest_route=%2Fwp%2Fv2%2Fcategories&post=40450"},{"taxonomy":"post_tag","embeddable":true,"href":"https:\/\/archive.sana.sy\/es\/index.php?rest_route=%2Fwp%2Fv2%2Ftags&post=40450"}],"curies":[{"name":"wp","href":"https:\/\/api.w.org\/{rel}","templated":true}]}}