{"id":40458,"date":"2016-03-21T13:56:28","date_gmt":"2016-03-21T11:56:28","guid":{"rendered":"http:\/\/www.sana.sy\/es\/?p=40458"},"modified":"2016-03-21T21:26:18","modified_gmt":"2016-03-21T19:26:18","slug":"fuerzas-aereas-sirias-destruyen-sedes-de-los-terroristas-de-daesh-en-palmira","status":"publish","type":"post","link":"https:\/\/archive.sana.sy\/es\/?p=40458","title":{"rendered":"Fuerzas A\u00e9reas sirias destruyen\u00a0 sedes de los terroristas de Daesh en Palmira"},"content":{"rendered":"<p style=\"text-align: justify\"><strong><span style=\"color: #800000\">Provincias, SANA<\/span><\/strong><\/p>\n<p style=\"text-align: justify\"><strong>Las FFAA han continuado sus operativos contra la organizaci\u00f3n terrorista \u201cDaesh\u201d en diferentes partes del pa\u00eds.<\/strong><\/p>\n<p style=\"text-align: justify\"><strong><span style=\"color: #0000ff\">Homs<\/span><\/strong><\/p>\n<p style=\"text-align: justify\"><strong>En el centro del pa\u00eds, unidades a\u00e9reas sirias lograron la destrucci\u00f3n de herramientas y sedes de los terroristas en los alrededores del Qaryaten y Palmira.<\/strong><\/p>\n<p style=\"text-align: justify\"><strong>Por otra parte una fuente militar, inform\u00f3 que unidades de las fuerzas armadas retomaron el control de las alturas 875, 908,8, 901, 893,6, 856 y 866 en el campo este de la\u00a0provincia.\u00a0<\/strong><\/p>\n<p style=\"text-align: justify\"><strong><span style=\"color: #0000ff\">Sweida<\/span><\/strong><\/p>\n<p style=\"text-align: justify\"><strong>En el campo de Swaida, una unidad del ej\u00e9rcito sirio aniquil\u00f3 a decenas de sus terroristas, y destruy\u00f3 fortificaciones y feudos de dicha organizaci\u00f3n terrorista en la colina de Ashihab en el campo noreste.<\/strong><\/p>\n<p style=\"text-align: justify\"><strong><span style=\"color: #0000ff\">Hala B., Riad Sh.<\/span><\/strong><\/p>\n","protected":false},"excerpt":{"rendered":"<p>Provincias, SANA Las FFAA han continuado sus operativos contra la organizaci\u00f3n terrorista \u201cDaesh\u201d en diferentes partes del pa\u00eds. Homs En el centro del pa\u00eds, unidades a\u00e9reas sirias lograron la destrucci\u00f3n de herramientas y sedes de los terroristas en los alrededores del Qaryaten y Palmira. Por otra parte una fuente militar, inform\u00f3 que unidades de las &hellip;<\/p>\n","protected":false},"author":1,"featured_media":40459,"comment_status":"closed","ping_status":"closed","sticky":false,"template":"","format":"standard","meta":{"footnotes":""},"categories":[573,583],"tags":[8260],"class_list":["post-40458","post","type-post","status-publish","format-standard","has-post-thumbnail","","category-la-realidad-de-los-acontecimientos-en-siria","category-slide","tag-fuerzas-aereas-sirias-destruyen-sedes-de-los-terroristas-de-daesh-en-palmira"],"_links":{"self":[{"href":"https:\/\/archive.sana.sy\/es\/index.php?rest_route=\/wp\/v2\/posts\/40458"}],"collection":[{"href":"https:\/\/archive.sana.sy\/es\/index.php?rest_route=\/wp\/v2\/posts"}],"about":[{"href":"https:\/\/archive.sana.sy\/es\/index.php?rest_route=\/wp\/v2\/types\/post"}],"author":[{"embeddable":true,"href":"https:\/\/archive.sana.sy\/es\/index.php?rest_route=\/wp\/v2\/users\/1"}],"replies":[{"embeddable":true,"href":"https:\/\/archive.sana.sy\/es\/index.php?rest_route=%2Fwp%2Fv2%2Fcomments&post=40458"}],"version-history":[{"count":0,"href":"https:\/\/archive.sana.sy\/es\/index.php?rest_route=\/wp\/v2\/posts\/40458\/revisions"}],"wp:featuredmedia":[{"embeddable":true,"href":"https:\/\/archive.sana.sy\/es\/index.php?rest_route=\/wp\/v2\/media\/40459"}],"wp:attachment":[{"href":"https:\/\/archive.sana.sy\/es\/index.php?rest_route=%2Fwp%2Fv2%2Fmedia&parent=40458"}],"wp:term":[{"taxonomy":"category","embeddable":true,"href":"https:\/\/archive.sana.sy\/es\/index.php?rest_route=%2Fwp%2Fv2%2Fcategories&post=40458"},{"taxonomy":"post_tag","embeddable":true,"href":"https:\/\/archive.sana.sy\/es\/index.php?rest_route=%2Fwp%2Fv2%2Ftags&post=40458"}],"curies":[{"name":"wp","href":"https:\/\/api.w.org\/{rel}","templated":true}]}}