{"id":40461,"date":"2016-03-21T21:25:35","date_gmt":"2016-03-21T19:25:35","guid":{"rendered":"http:\/\/www.sana.sy\/es\/?p=40461"},"modified":"2016-03-21T21:27:12","modified_gmt":"2016-03-21T19:27:12","slug":"con-ocasion-del-dia-de-las-madres-el-presidente-bashar-al-assad-y-la-sra-asmaa-reciben-a-un-numero-de-heridos-del-ejercito","status":"publish","type":"post","link":"https:\/\/archive.sana.sy\/es\/?p=40461","title":{"rendered":"Con ocasi\u00f3n del D\u00eda de las Madres, el presidente Bashar al-Assad y la Sra. Asmaa reciben a un n\u00famero de heridos del ej\u00e9rcito"},"content":{"rendered":"<p style=\"text-align: justify\"><span style=\"color: #800000\">Damasco, SANA\u00a0<\/span><\/p>\n<p style=\"text-align: justify\">El Presidente Bashar al-Assad y su se\u00f1ora Asmaa Al-Assad recibieron a un n\u00famero de heridos del ej\u00e9rcito y a las madres de la mayor\u00eda de ellos con ocasi\u00f3n del D\u00eda de las Madres.<\/p>\n<p style=\"text-align: justify\"><img loading=\"lazy\" decoding=\"async\" class=\"alignnone size-medium wp-image-40467\" src=\"http:\/\/www.sana.sy\/es\/wp-content\/uploads\/2016\/03\/assad-1-300x200.jpg\" alt=\"assad 1\" width=\"300\" height=\"200\" srcset=\"https:\/\/archive.sana.sy\/es\/wp-content\/uploads\/2016\/03\/assad-1.jpg 300w, https:\/\/archive.sana.sy\/es\/wp-content\/uploads\/2016\/03\/assad-1-150x100.jpg 150w\" sizes=\"(max-width: 300px) 100vw, 300px\" \/><\/p>\n<p>\u00a8Estamos contentos por tu venida&#8230;cuando les saludamos uno por uno ustedes nos han dado mucha fuerza, esta fuerza la cogemos siempre de los h\u00e9roes, de su firmeza y de su moral&#8230;valoramos muy en alto y sabemos cu\u00e1n ha sido dif\u00edcil para ustedes venir ac\u00e1 desde lugares distantes, ya sea a nivel de sufrimiento personal o a nivel de la situaci\u00f3n actual de seguridad\u00a8, agreg\u00f3 Al-Assad.<\/p>\n<p>El presidente Al-Assad indic\u00f3 que el d\u00eda de las madres es una ocasi\u00f3n en la cual la madre es homenajeada a nivel del c\u00edrculo familiar.<br \/>\n\u00a8Los sucesos que suceden en Siria y la guerra terrorista desatada en su contra durante los \u00faltimos cinco a\u00f1os han cambiado muchos conceptos para nosotros de tal manera que los d\u00edas festivos se han convertido en fiestas del hero\u00edsmo, coraje y sacrificio\u00a8, se\u00f1al\u00f3 su excelencia.<\/p>\n<p><img loading=\"lazy\" decoding=\"async\" class=\"alignnone size-medium wp-image-40468\" src=\"http:\/\/www.sana.sy\/es\/wp-content\/uploads\/2016\/03\/assad2-300x200.jpg\" alt=\"assad2\" width=\"300\" height=\"200\" srcset=\"https:\/\/archive.sana.sy\/es\/wp-content\/uploads\/2016\/03\/assad2.jpg 300w, https:\/\/archive.sana.sy\/es\/wp-content\/uploads\/2016\/03\/assad2-150x100.jpg 150w\" sizes=\"(max-width: 300px) 100vw, 300px\" \/><\/p>\n<p>El presidente destac\u00f3 que el hero\u00edsmo se relaciona principalmente con el entorno en el que vive el ser humano, con su patria, su sociedad y su familia, haciendo hincapi\u00e9 en que la madre siria que ha ense\u00f1ado a sus hijos a amar la patria y a sacrificarse por ella, es la principal fuente del hero\u00edsmo.<\/p>\n<p>Asimismo Al-Assad dijo que el destino de las familias de los m\u00e1rtires es que se narre su heroicidad a las pr\u00f3ximas generaciones, mientras el destino de los heridos es que relaten su hero\u00edsmo por s\u00ed mismos, ya que son un ejemplo vivo que transmiten sus modales a las generaciones venideras.<\/p>\n<p><img loading=\"lazy\" decoding=\"async\" class=\"alignnone size-medium wp-image-40469\" src=\"http:\/\/www.sana.sy\/es\/wp-content\/uploads\/2016\/03\/assad3-300x198.jpg\" alt=\"assad3\" width=\"300\" height=\"198\" srcset=\"https:\/\/archive.sana.sy\/es\/wp-content\/uploads\/2016\/03\/assad3.jpg 300w, https:\/\/archive.sana.sy\/es\/wp-content\/uploads\/2016\/03\/assad3-150x99.jpg 150w\" sizes=\"(max-width: 300px) 100vw, 300px\" \/><\/p>\n<p>\u00a8Ustedes son nuestros ejemplares, aprendemos de ustedes el patriotismo y el sacrificio y los valores nacionales, la atenci\u00f3n que se presta a cada uno que ha sacrificado, ya sea soldado o quienes han estado a lado de este soldado, no es un deber solamente, tampoco una cuesti\u00f3n humanitaria, en lo absoluto, m\u00e1s bien es una atenci\u00f3n que se presta a la patria&#8230;.no es l\u00f3gico amar la patria y no amar a quienes la defiendan\u00a8, puntualiz\u00f3 Al-Assad.<\/p>\n<p>\u00a8Conocemos las condiciones de la mayor\u00eda de ustedes, antes y despu\u00e9s de herirse o de obtener el martirologio, condiciones materiales de algunas familias eran dif\u00edciles y a pesar de ello, salieron para defender la patria\u00a8, agreg\u00f3.<\/p>\n<p><img loading=\"lazy\" decoding=\"async\" class=\"alignnone size-medium wp-image-40470\" src=\"http:\/\/www.sana.sy\/es\/wp-content\/uploads\/2016\/03\/assad4-300x159.jpg\" alt=\"assad4\" width=\"300\" height=\"159\" srcset=\"https:\/\/archive.sana.sy\/es\/wp-content\/uploads\/2016\/03\/assad4.jpg 300w, https:\/\/archive.sana.sy\/es\/wp-content\/uploads\/2016\/03\/assad4-150x80.jpg 150w\" sizes=\"(max-width: 300px) 100vw, 300px\" \/><\/p>\n<p>Se\u00f1al\u00f3 que muchos de los sirios no han podido portar el fusil y salir para defender su pa\u00eds por una raz\u00f3n u otra, sin embargo, han contribuido, junto con el estado, mediante las donaciones y el establecimiento de proyectos para los familiares de los m\u00e1rtires y heridos.<\/p>\n<p>&#8220;Nos enfocamos hacia proyectos y subvenciones productivos, y esta idea est\u00e1 evolucionando y expandi\u00e9ndose para mejorar las condiciones de las familias de los m\u00e1rtires y heridos as\u00ed como para preservar su dignidad para que no dependan de nadie &#8220;, explic\u00f3 su excelencia, se\u00f1alando que la cuesti\u00f3n relacionada con los aspectos de salud, se centra ahora en la rehabilitaci\u00f3n de los heridos para que tengan una vida activa en su entorno familiar y en la sociedad.<\/p>\n<p style=\"text-align: justify\">\u201cLa \u00fanica cosa equiparable a los sacrificios hechos por Uds., tanto en vida como en salud, es la inmunidad de la patria, cuando la patria vuelva sana, creo que cada uno de Uds. dir\u00e1: percibo como si mi mano haya vuelto como estaba, y tambi\u00e9n mis pies, ojos y salud, creo que esto tambi\u00e9n cabe para cada familia de m\u00e1rtir que \u2013cuando \u00a0la patria vuelva segura- sentir\u00e1 como si su hijo le habr\u00eda regresado de nuevo&#8221;, acot\u00f3.<\/p>\n<p style=\"text-align: justify\"><span style=\"color: #0000ff\">Hala B., Riad Sh.-Yamil K.<\/span><\/p>\n","protected":false},"excerpt":{"rendered":"<p>Damasco, SANA\u00a0 El Presidente Bashar al-Assad y su se\u00f1ora Asmaa Al-Assad recibieron a un n\u00famero de heridos del ej\u00e9rcito y a las madres de la mayor\u00eda de ellos con ocasi\u00f3n del D\u00eda de las Madres. \u00a8Estamos contentos por tu venida&#8230;cuando les saludamos uno por uno ustedes nos han dado mucha fuerza, esta fuerza la cogemos &hellip;<\/p>\n","protected":false},"author":1,"featured_media":40464,"comment_status":"closed","ping_status":"closed","sticky":false,"template":"","format":"standard","meta":{"footnotes":""},"categories":[583,626],"tags":[],"class_list":["post-40461","post","type-post","status-publish","format-standard","has-post-thumbnail","","category-slide","category-sr-presidente"],"_links":{"self":[{"href":"https:\/\/archive.sana.sy\/es\/index.php?rest_route=\/wp\/v2\/posts\/40461"}],"collection":[{"href":"https:\/\/archive.sana.sy\/es\/index.php?rest_route=\/wp\/v2\/posts"}],"about":[{"href":"https:\/\/archive.sana.sy\/es\/index.php?rest_route=\/wp\/v2\/types\/post"}],"author":[{"embeddable":true,"href":"https:\/\/archive.sana.sy\/es\/index.php?rest_route=\/wp\/v2\/users\/1"}],"replies":[{"embeddable":true,"href":"https:\/\/archive.sana.sy\/es\/index.php?rest_route=%2Fwp%2Fv2%2Fcomments&post=40461"}],"version-history":[{"count":0,"href":"https:\/\/archive.sana.sy\/es\/index.php?rest_route=\/wp\/v2\/posts\/40461\/revisions"}],"wp:featuredmedia":[{"embeddable":true,"href":"https:\/\/archive.sana.sy\/es\/index.php?rest_route=\/wp\/v2\/media\/40464"}],"wp:attachment":[{"href":"https:\/\/archive.sana.sy\/es\/index.php?rest_route=%2Fwp%2Fv2%2Fmedia&parent=40461"}],"wp:term":[{"taxonomy":"category","embeddable":true,"href":"https:\/\/archive.sana.sy\/es\/index.php?rest_route=%2Fwp%2Fv2%2Fcategories&post=40461"},{"taxonomy":"post_tag","embeddable":true,"href":"https:\/\/archive.sana.sy\/es\/index.php?rest_route=%2Fwp%2Fv2%2Ftags&post=40461"}],"curies":[{"name":"wp","href":"https:\/\/api.w.org\/{rel}","templated":true}]}}