{"id":40481,"date":"2016-03-22T12:37:43","date_gmt":"2016-03-22T10:37:43","guid":{"rendered":"http:\/\/www.sana.sy\/es\/?p=40481"},"modified":"2016-03-22T12:37:43","modified_gmt":"2016-03-22T10:37:43","slug":"arrestan-en-australia-a-dos-personas-por-sus-vinculos-con-el-ei","status":"publish","type":"post","link":"https:\/\/archive.sana.sy\/es\/?p=40481","title":{"rendered":"Arrestan en Australia a dos personas por sus v\u00ednculos con el EI"},"content":{"rendered":"<p style=\"text-align: justify\"><span style=\"color: #800000\">S\u00eddney, SANA<\/span><\/p>\n<p style=\"text-align: justify\">La polic\u00eda australiana detuvo a dos personas, entre ellas una ni\u00f1a de 16 a\u00f1os de edad, por su implicaci\u00f3n en la financiaci\u00f3n de la organizaci\u00f3n terrorista del Estado Isl\u00e1mico (EI).<\/p>\n<p style=\"text-align: justify\">En un comunicado, la polic\u00eda anunci\u00f3 que fueron detenidos dos estudiantes en un suburbio de Sydney, como parte de la lucha contra el terrorismo.<\/p>\n<p style=\"text-align: justify\">Las autoridades australianas dicen haber frustrado un n\u00famero de posibles ataques.<\/p>\n<p style=\"text-align: justify\"><span style=\"color: #0000ff\">Fady M., Hala B.<\/span><\/p>\n","protected":false},"excerpt":{"rendered":"<p>S\u00eddney, SANA La polic\u00eda australiana detuvo a dos personas, entre ellas una ni\u00f1a de 16 a\u00f1os de edad, por su implicaci\u00f3n en la financiaci\u00f3n de la organizaci\u00f3n terrorista del Estado Isl\u00e1mico (EI). En un comunicado, la polic\u00eda anunci\u00f3 que fueron detenidos dos estudiantes en un suburbio de Sydney, como parte de la lucha contra el &hellip;<\/p>\n","protected":false},"author":1,"featured_media":40482,"comment_status":"closed","ping_status":"closed","sticky":false,"template":"","format":"standard","meta":{"footnotes":""},"categories":[597,456,457,576],"tags":[8262],"class_list":["post-40481","post","type-post","status-publish","format-standard","has-post-thumbnail","","category-cinta-de-noticias","category-arabe-internacional-politica","category-noticias-arabe-internacional-politica","category-noticias-politicas","tag-arrestan-en-australia-a-dos-personas-por-sus-vinculos-con-el-ei"],"_links":{"self":[{"href":"https:\/\/archive.sana.sy\/es\/index.php?rest_route=\/wp\/v2\/posts\/40481"}],"collection":[{"href":"https:\/\/archive.sana.sy\/es\/index.php?rest_route=\/wp\/v2\/posts"}],"about":[{"href":"https:\/\/archive.sana.sy\/es\/index.php?rest_route=\/wp\/v2\/types\/post"}],"author":[{"embeddable":true,"href":"https:\/\/archive.sana.sy\/es\/index.php?rest_route=\/wp\/v2\/users\/1"}],"replies":[{"embeddable":true,"href":"https:\/\/archive.sana.sy\/es\/index.php?rest_route=%2Fwp%2Fv2%2Fcomments&post=40481"}],"version-history":[{"count":0,"href":"https:\/\/archive.sana.sy\/es\/index.php?rest_route=\/wp\/v2\/posts\/40481\/revisions"}],"wp:featuredmedia":[{"embeddable":true,"href":"https:\/\/archive.sana.sy\/es\/index.php?rest_route=\/wp\/v2\/media\/40482"}],"wp:attachment":[{"href":"https:\/\/archive.sana.sy\/es\/index.php?rest_route=%2Fwp%2Fv2%2Fmedia&parent=40481"}],"wp:term":[{"taxonomy":"category","embeddable":true,"href":"https:\/\/archive.sana.sy\/es\/index.php?rest_route=%2Fwp%2Fv2%2Fcategories&post=40481"},{"taxonomy":"post_tag","embeddable":true,"href":"https:\/\/archive.sana.sy\/es\/index.php?rest_route=%2Fwp%2Fv2%2Ftags&post=40481"}],"curies":[{"name":"wp","href":"https:\/\/api.w.org\/{rel}","templated":true}]}}