{"id":40484,"date":"2016-03-22T13:32:58","date_gmt":"2016-03-22T11:32:58","guid":{"rendered":"http:\/\/www.sana.sy\/es\/?p=40484"},"modified":"2016-03-22T13:32:58","modified_gmt":"2016-03-22T11:32:58","slug":"muere-soldado-turco-y-otros-seis-resultan-heridos-en-la-explosion-de-una-bomba-en-el-sureste-de-turquia","status":"publish","type":"post","link":"https:\/\/archive.sana.sy\/es\/?p=40484","title":{"rendered":"Muere soldado turco y otros seis resultan heridos en la explosi\u00f3n de una bomba en el sureste de Turqu\u00eda"},"content":{"rendered":"<p style=\"text-align: justify\"><span style=\"color: #800000\">Ankara, SANA<\/span><\/p>\n<p style=\"text-align: justify\">Un soldado turco perdi\u00f3 la vida y otros seis resultaron heridos en la explosi\u00f3n de una bomba en la ciudad de Nusaybin, en el sureste de Turqu\u00eda.<\/p>\n<p style=\"text-align: justify\">En un comunicado, el Ej\u00e9rcito turco inform\u00f3 que un soldado muri\u00f3 y otros seis fueron lesionados en la explosi\u00f3n de una bomba en la ciudad de Nusaybin, que est\u00e1 sujeta a un toque de queda durante todo el d\u00eda desde el 14 de este mes.<\/p>\n<p style=\"text-align: justify\">Turqu\u00eda presencia disturbios debido a la campa\u00f1a militar llevada a cabo por el r\u00e9gimen de Recep Erdogan, en las provincias del sureste del pa\u00eds.<\/p>\n<p style=\"text-align: justify\"><span style=\"color: #0000ff\">Fady M., Hala B.<\/span><\/p>\n","protected":false},"excerpt":{"rendered":"<p>Ankara, SANA Un soldado turco perdi\u00f3 la vida y otros seis resultaron heridos en la explosi\u00f3n de una bomba en la ciudad de Nusaybin, en el sureste de Turqu\u00eda. En un comunicado, el Ej\u00e9rcito turco inform\u00f3 que un soldado muri\u00f3 y otros seis fueron lesionados en la explosi\u00f3n de una bomba en la ciudad de &hellip;<\/p>\n","protected":false},"author":1,"featured_media":40485,"comment_status":"closed","ping_status":"closed","sticky":false,"template":"","format":"standard","meta":{"footnotes":""},"categories":[597,456,457,576],"tags":[8263],"class_list":["post-40484","post","type-post","status-publish","format-standard","has-post-thumbnail","","category-cinta-de-noticias","category-arabe-internacional-politica","category-noticias-arabe-internacional-politica","category-noticias-politicas","tag-muere-soldado-turco-y-otros-seis-resultan-heridos-en-la-explosion-de-una-bomba-en-el-sureste-de-turquia"],"_links":{"self":[{"href":"https:\/\/archive.sana.sy\/es\/index.php?rest_route=\/wp\/v2\/posts\/40484"}],"collection":[{"href":"https:\/\/archive.sana.sy\/es\/index.php?rest_route=\/wp\/v2\/posts"}],"about":[{"href":"https:\/\/archive.sana.sy\/es\/index.php?rest_route=\/wp\/v2\/types\/post"}],"author":[{"embeddable":true,"href":"https:\/\/archive.sana.sy\/es\/index.php?rest_route=\/wp\/v2\/users\/1"}],"replies":[{"embeddable":true,"href":"https:\/\/archive.sana.sy\/es\/index.php?rest_route=%2Fwp%2Fv2%2Fcomments&post=40484"}],"version-history":[{"count":0,"href":"https:\/\/archive.sana.sy\/es\/index.php?rest_route=\/wp\/v2\/posts\/40484\/revisions"}],"wp:featuredmedia":[{"embeddable":true,"href":"https:\/\/archive.sana.sy\/es\/index.php?rest_route=\/wp\/v2\/media\/40485"}],"wp:attachment":[{"href":"https:\/\/archive.sana.sy\/es\/index.php?rest_route=%2Fwp%2Fv2%2Fmedia&parent=40484"}],"wp:term":[{"taxonomy":"category","embeddable":true,"href":"https:\/\/archive.sana.sy\/es\/index.php?rest_route=%2Fwp%2Fv2%2Fcategories&post=40484"},{"taxonomy":"post_tag","embeddable":true,"href":"https:\/\/archive.sana.sy\/es\/index.php?rest_route=%2Fwp%2Fv2%2Ftags&post=40484"}],"curies":[{"name":"wp","href":"https:\/\/api.w.org\/{rel}","templated":true}]}}