{"id":40487,"date":"2016-03-22T13:49:30","date_gmt":"2016-03-22T11:49:30","guid":{"rendered":"http:\/\/www.sana.sy\/es\/?p=40487"},"modified":"2016-03-22T13:49:30","modified_gmt":"2016-03-22T11:49:30","slug":"damasco-condena-energicamente-los-atentados-terroristas-de-bruselas","status":"publish","type":"post","link":"https:\/\/archive.sana.sy\/es\/?p=40487","title":{"rendered":"Damasco condena en\u00e9rgicamente los atentados terroristas de Bruselas"},"content":{"rendered":"<p style=\"text-align: justify\"><span style=\"color: #800000\">Damasco, SANA<\/span><\/p>\n<p style=\"text-align: justify\">La Rep\u00fablica \u00c1rabe Siria conden\u00f3 los ataques terroristas que se produjeron este martes en la capital Bruselas.<\/p>\n<p style=\"text-align: justify\">Una fuente oficial del Ministerio de Exteriores y Expatriados declar\u00f3 que &#8220;la Rep\u00fablica \u00c1rabe Siria condena en\u00e9rgicamente los ataques terroristas que sacudieron la capital belga, Bruselas, y expresa sus condolencias a las familias de las v\u00edctimas&#8221;.<\/p>\n<p style=\"text-align: justify\">La fuente agreg\u00f3 que &#8220;los ataques terroristas en Bruselas, y antes de eso en Par\u00eds y en otras partes del mundo, reafirman que el terrorismo no tiene fronteras y es el resultado inevitable de las pol\u00edticas equivocadas y del uso del terrorismo para lograr ciertas agendas y tambi\u00e9n de la legalizaci\u00f3n del terrorismo a trav\u00e9s de la calificaci\u00f3n de algunos grupos terroristas como moderados, pero en \u00faltima instancia, son derivados de la ideolog\u00eda takfir\u00ed y wahab\u00ed&#8221;.<\/p>\n<p style=\"text-align: justify\">La fuente explic\u00f3 que &#8220;Siria que est\u00e1 enfrentando un terrorismo takfir\u00ed desde hace cinco a\u00f1os, reitera su llamado a la uni\u00f3n de los esfuerzos internacionales sinceros para hacer frente a la amenaza del terrorismo y frenar el comportamiento de los Estados patrocinadores de esta lacra y oblig\u00e1ndolos a dejar de suministrar cualquier tipo de apoyo a los grupos terroristas con el fin de preservar la paz y la estabilidad en la regi\u00f3n y el mundo&#8221;.<\/p>\n<p style=\"text-align: justify\"><span style=\"color: #0000ff\">Fady M., Hala B.<\/span><\/p>\n","protected":false},"excerpt":{"rendered":"<p>Damasco, SANA La Rep\u00fablica \u00c1rabe Siria conden\u00f3 los ataques terroristas que se produjeron este martes en la capital Bruselas. Una fuente oficial del Ministerio de Exteriores y Expatriados declar\u00f3 que &#8220;la Rep\u00fablica \u00c1rabe Siria condena en\u00e9rgicamente los ataques terroristas que sacudieron la capital belga, Bruselas, y expresa sus condolencias a las familias de las v\u00edctimas&#8221;. &hellip;<\/p>\n","protected":false},"author":1,"featured_media":40488,"comment_status":"closed","ping_status":"closed","sticky":false,"template":"","format":"standard","meta":{"footnotes":""},"categories":[597,576,583,7541],"tags":[8264],"class_list":["post-40487","post","type-post","status-publish","format-standard","has-post-thumbnail","","category-cinta-de-noticias","category-noticias-politicas","category-slide","category-ultimas-noticias","tag-damasco-condena-energicamente-los-atentados-terroristas-de-bruselas"],"_links":{"self":[{"href":"https:\/\/archive.sana.sy\/es\/index.php?rest_route=\/wp\/v2\/posts\/40487"}],"collection":[{"href":"https:\/\/archive.sana.sy\/es\/index.php?rest_route=\/wp\/v2\/posts"}],"about":[{"href":"https:\/\/archive.sana.sy\/es\/index.php?rest_route=\/wp\/v2\/types\/post"}],"author":[{"embeddable":true,"href":"https:\/\/archive.sana.sy\/es\/index.php?rest_route=\/wp\/v2\/users\/1"}],"replies":[{"embeddable":true,"href":"https:\/\/archive.sana.sy\/es\/index.php?rest_route=%2Fwp%2Fv2%2Fcomments&post=40487"}],"version-history":[{"count":0,"href":"https:\/\/archive.sana.sy\/es\/index.php?rest_route=\/wp\/v2\/posts\/40487\/revisions"}],"wp:featuredmedia":[{"embeddable":true,"href":"https:\/\/archive.sana.sy\/es\/index.php?rest_route=\/wp\/v2\/media\/40488"}],"wp:attachment":[{"href":"https:\/\/archive.sana.sy\/es\/index.php?rest_route=%2Fwp%2Fv2%2Fmedia&parent=40487"}],"wp:term":[{"taxonomy":"category","embeddable":true,"href":"https:\/\/archive.sana.sy\/es\/index.php?rest_route=%2Fwp%2Fv2%2Fcategories&post=40487"},{"taxonomy":"post_tag","embeddable":true,"href":"https:\/\/archive.sana.sy\/es\/index.php?rest_route=%2Fwp%2Fv2%2Ftags&post=40487"}],"curies":[{"name":"wp","href":"https:\/\/api.w.org\/{rel}","templated":true}]}}