{"id":40503,"date":"2016-03-22T18:18:27","date_gmt":"2016-03-22T16:18:27","guid":{"rendered":"http:\/\/www.sana.sy\/es\/?p=40503"},"modified":"2016-03-22T20:09:59","modified_gmt":"2016-03-22T18:09:59","slug":"al-halqui-la-provincia-de-hassakeh-es-una-parte-integral-de-siria","status":"publish","type":"post","link":"https:\/\/archive.sana.sy\/es\/?p=40503","title":{"rendered":"Al-Halqui: la provincia de Hassakeh es una parte integral de Siria"},"content":{"rendered":"<p><span style=\"color: #800000\">Damasco, SANA<\/span><\/p>\n<p style=\"text-align: justify\">El primer ministro, Wael al-Halqui alab\u00f3 las posturas patri\u00f3ticas de los jeques y dignatarios de las tribus sirias en la provincia nororiental de Hassakeh, que rechazan categ\u00f3ricamente todos los planes encaminados a socavar la integridad territorial de Siria.<\/p>\n<p style=\"text-align: justify\">Estas declaraciones fueron emitidas durante la sesi\u00f3n semanal del gabinete, en la que al-Halqui destac\u00f3 que estas posturas patri\u00f3ticas forman parte de los sacrificios presentados a diario por los sirios para que Siria permanezca un Estado unido.<\/p>\n<p style=\"text-align: justify\">En este sentido, el jefe del Ejecutivo asegur\u00f3 que ni el gobierno ni el pueblo de Siria han abandonado o abandonar\u00e1n un solo grano de la tierra siria, asegurando que la provincia de Hassakeh es una parte integral del pa\u00eds.<\/p>\n<p><img loading=\"lazy\" decoding=\"async\" class=\" wp-image-40504 alignleft\" src=\"http:\/\/www.sana.sy\/es\/wp-content\/uploads\/2016\/03\/Agrupacion-Unidad-Nacional-300x150.jpg\" alt=\"Agrupacion Unidad Nacional\" width=\"274\" height=\"137\" srcset=\"https:\/\/archive.sana.sy\/es\/wp-content\/uploads\/2016\/03\/Agrupacion-Unidad-Nacional-300x150.jpg 300w, https:\/\/archive.sana.sy\/es\/wp-content\/uploads\/2016\/03\/Agrupacion-Unidad-Nacional-150x75.jpg 150w, https:\/\/archive.sana.sy\/es\/wp-content\/uploads\/2016\/03\/Agrupacion-Unidad-Nacional.jpg 660w\" sizes=\"(max-width: 274px) 100vw, 274px\" \/><\/p>\n<p style=\"text-align: justify\">En el mismo contexto, la Agrupaci\u00f3n de Unidad Nacional en la ciudad de Qamishli expres\u00f3 su rotundo rechazo al anuncio de una federaci\u00f3n el norte de Siria, considerando que este acto forma parte de la conspiraci\u00f3n contra Siria, y una violaci\u00f3n a su Constituci\u00f3n.<\/p>\n<p style=\"text-align: justify\">Durante una reuni\u00f3n de la Agrupaci\u00f3n que incluye a centenares de intelectuales, pol\u00edticos, representantes de organizaciones populares y ONG, en el Centro Cultural \u00c1rabe en la ciudad noreste de Qamishli, se hizo hincapi\u00e9 en que esta decisi\u00f3n constituye una amenaza para la integridad territorial de Siria y la unidad de su mosaico social, y la misma solo sirve los intereses d los enemigos de la patria, tales como el ente sionista y las organizaciones terroristas del Estado Isl\u00e1mico y el Frente de al-Nousra.<\/p>\n<p style=\"text-align: justify\">Los protagonistas de la reuni\u00f3n exigieron los partidos, las organizaciones populares, sindicatos, tribus, y figuras religiosas y sociales a hacer frente a este planteamiento separatista que la integridad territorial y la seguridad del pa\u00eds.<\/p>\n<p>Lynn A.<\/p>\n","protected":false},"excerpt":{"rendered":"<p>Damasco, SANA El primer ministro, Wael al-Halqui alab\u00f3 las posturas patri\u00f3ticas de los jeques y dignatarios de las tribus sirias en la provincia nororiental de Hassakeh, que rechazan categ\u00f3ricamente todos los planes encaminados a socavar la integridad territorial de Siria. Estas declaraciones fueron emitidas durante la sesi\u00f3n semanal del gabinete, en la que al-Halqui destac\u00f3 &hellip;<\/p>\n","protected":false},"author":24,"featured_media":6726,"comment_status":"closed","ping_status":"closed","sticky":false,"template":"","format":"standard","meta":{"footnotes":""},"categories":[477,476,7541],"tags":[],"class_list":["post-40503","post","type-post","status-publish","format-standard","has-post-thumbnail","","category-noticias-edulcorantes","category-locales","category-ultimas-noticias"],"_links":{"self":[{"href":"https:\/\/archive.sana.sy\/es\/index.php?rest_route=\/wp\/v2\/posts\/40503"}],"collection":[{"href":"https:\/\/archive.sana.sy\/es\/index.php?rest_route=\/wp\/v2\/posts"}],"about":[{"href":"https:\/\/archive.sana.sy\/es\/index.php?rest_route=\/wp\/v2\/types\/post"}],"author":[{"embeddable":true,"href":"https:\/\/archive.sana.sy\/es\/index.php?rest_route=\/wp\/v2\/users\/24"}],"replies":[{"embeddable":true,"href":"https:\/\/archive.sana.sy\/es\/index.php?rest_route=%2Fwp%2Fv2%2Fcomments&post=40503"}],"version-history":[{"count":0,"href":"https:\/\/archive.sana.sy\/es\/index.php?rest_route=\/wp\/v2\/posts\/40503\/revisions"}],"wp:featuredmedia":[{"embeddable":true,"href":"https:\/\/archive.sana.sy\/es\/index.php?rest_route=\/wp\/v2\/media\/6726"}],"wp:attachment":[{"href":"https:\/\/archive.sana.sy\/es\/index.php?rest_route=%2Fwp%2Fv2%2Fmedia&parent=40503"}],"wp:term":[{"taxonomy":"category","embeddable":true,"href":"https:\/\/archive.sana.sy\/es\/index.php?rest_route=%2Fwp%2Fv2%2Fcategories&post=40503"},{"taxonomy":"post_tag","embeddable":true,"href":"https:\/\/archive.sana.sy\/es\/index.php?rest_route=%2Fwp%2Fv2%2Ftags&post=40503"}],"curies":[{"name":"wp","href":"https:\/\/api.w.org\/{rel}","templated":true}]}}