{"id":40561,"date":"2016-03-23T15:31:03","date_gmt":"2016-03-23T13:31:03","guid":{"rendered":"http:\/\/www.sana.sy\/es\/?p=40561"},"modified":"2016-03-23T19:34:52","modified_gmt":"2016-03-23T17:34:52","slug":"grupos-terroristas-violan-la-tregua-y-atacan-a-alepo-con-cohetes","status":"publish","type":"post","link":"https:\/\/archive.sana.sy\/es\/?p=40561","title":{"rendered":"Grupos terroristas violan la tregua y atacan a Alepo con cohetes"},"content":{"rendered":"<p><span style=\"color: #800000\">Alepo, SANA<\/span><\/p>\n<p style=\"text-align: justify\">Siete personas resultaron heridas en ataques con cohetes de los grupos terroristas takfiristas contra el barrio residencial de Masharkah, en la ciudad de Alepo, en el norte del pa\u00eds.<\/p>\n<p style=\"text-align: justify\">Una fuente en la gobernaci\u00f3n de Alepo declar\u00f3 que los terroristas que se atrincheran en el barrio de Boustan al Qasser, dispararon la noche del martes m\u00e1s de cinco cohetes contra las casas de los ciudadanos en el barrio de Masharkah, causando heridas\u00a0a siete personas.<\/p>\n<p style=\"text-align: justify\">La fuente a\u00f1adi\u00f3 que los ataques terroristas causaron la quema de una casa, adem\u00e1s de importantes da\u00f1os materiales en la propiedad p\u00fablica y privada.<\/p>\n<p>&nbsp;<\/p>\n<p>Fady M., Lynn A.<\/p>\n","protected":false},"excerpt":{"rendered":"<p>Alepo, SANA Siete personas resultaron heridas en ataques con cohetes de los grupos terroristas takfiristas contra el barrio residencial de Masharkah, en la ciudad de Alepo, en el norte del pa\u00eds. Una fuente en la gobernaci\u00f3n de Alepo declar\u00f3 que los terroristas que se atrincheran en el barrio de Boustan al Qasser, dispararon la noche &hellip;<\/p>\n","protected":false},"author":24,"featured_media":32317,"comment_status":"closed","ping_status":"closed","sticky":false,"template":"","format":"standard","meta":{"footnotes":""},"categories":[597,573,7541],"tags":[],"class_list":["post-40561","post","type-post","status-publish","format-standard","has-post-thumbnail","","category-cinta-de-noticias","category-la-realidad-de-los-acontecimientos-en-siria","category-ultimas-noticias"],"_links":{"self":[{"href":"https:\/\/archive.sana.sy\/es\/index.php?rest_route=\/wp\/v2\/posts\/40561"}],"collection":[{"href":"https:\/\/archive.sana.sy\/es\/index.php?rest_route=\/wp\/v2\/posts"}],"about":[{"href":"https:\/\/archive.sana.sy\/es\/index.php?rest_route=\/wp\/v2\/types\/post"}],"author":[{"embeddable":true,"href":"https:\/\/archive.sana.sy\/es\/index.php?rest_route=\/wp\/v2\/users\/24"}],"replies":[{"embeddable":true,"href":"https:\/\/archive.sana.sy\/es\/index.php?rest_route=%2Fwp%2Fv2%2Fcomments&post=40561"}],"version-history":[{"count":0,"href":"https:\/\/archive.sana.sy\/es\/index.php?rest_route=\/wp\/v2\/posts\/40561\/revisions"}],"wp:featuredmedia":[{"embeddable":true,"href":"https:\/\/archive.sana.sy\/es\/index.php?rest_route=\/wp\/v2\/media\/32317"}],"wp:attachment":[{"href":"https:\/\/archive.sana.sy\/es\/index.php?rest_route=%2Fwp%2Fv2%2Fmedia&parent=40561"}],"wp:term":[{"taxonomy":"category","embeddable":true,"href":"https:\/\/archive.sana.sy\/es\/index.php?rest_route=%2Fwp%2Fv2%2Fcategories&post=40561"},{"taxonomy":"post_tag","embeddable":true,"href":"https:\/\/archive.sana.sy\/es\/index.php?rest_route=%2Fwp%2Fv2%2Ftags&post=40561"}],"curies":[{"name":"wp","href":"https:\/\/api.w.org\/{rel}","templated":true}]}}