{"id":40647,"date":"2016-03-24T21:15:07","date_gmt":"2016-03-24T19:15:07","guid":{"rendered":"http:\/\/www.sana.sy\/es\/?p=40647"},"modified":"2016-03-24T21:15:40","modified_gmt":"2016-03-24T19:15:40","slug":"fuerzas-armadas-liberan-el-valle-de-la-tumbas-en-la-antigua-ciudad-de-palmira","status":"publish","type":"post","link":"https:\/\/archive.sana.sy\/es\/?p=40647","title":{"rendered":"Ej\u00e9rcito sirio llega a los extremos suroeste de la ciudad de Palmira"},"content":{"rendered":"<p><span style=\"color: #800000\">Provincias, SANA<\/span><\/p>\n<p>Fuerzas Armadas dirigen duros golpes contra los terroristas del Estado Isl\u00e1mico en Palmira y Deir Ezzor.<\/p>\n<p><span style=\"color: #0000ff\">Homs<\/span><\/p>\n<p>Una fuente militar revel\u00f3\u00a0que unidades conjuntas del Ej\u00e9rcito y los Grupos Populares de Defensa han llegado a los extremos suroeste de la ciudad de Palmira\u00a0en el campo este de Homs, tras\u00a0recuperar el control de la monta\u00f1a estrat\u00e9gica al Taar, ubicada a 3 km al oeste de la ciudad antigua, y destruir todas las fortificaciones de los terroristas.<\/p>\n<p>De acuerdo con la fuente, el Ej\u00e9rcito recuper\u00f3 el control de la valle de las tumbas y los montes de Qusur al oeste de la ciudad antigua de Palmira.<\/p>\n<p>La fuente indic\u00f3 que el ej\u00e9rcito est\u00e1 bombardeando con artiller\u00eda y aviones a las posiciones de los terroristas en la colina de la Ciudadela de Palmira.<\/p>\n<p>El Ej\u00e9rcito hab\u00eda controlado el mi\u00e9rcoles la zona del Tri\u00e1ngulo de Palmira ubicada a 2 km al sur de la ciudad, adem\u00e1s de controlar todos los montes dominantes cerca de Palmira.<\/p>\n<p><span style=\"color: #0000ff\">Deir Ezzor<\/span><\/p>\n<p>En la provincia de Deir Ezzor, un ataque a\u00e9reo del ej\u00e9rcito sirio contra el norte de la ciudad mat\u00f3 al l\u00edder del Estado Isl\u00e1mico el libio Abdullah Al-Kilani, apodado como Sayyaf Barqaui, con un n\u00famero de terroristas, entre ellos un saud\u00ed.<\/p>\n<p>&nbsp;<\/p>\n<p>Fady M., Lynn A.<\/p>\n","protected":false},"excerpt":{"rendered":"<p>Provincias, SANA Fuerzas Armadas dirigen duros golpes contra los terroristas del Estado Isl\u00e1mico en Palmira y Deir Ezzor. Homs Una fuente militar revel\u00f3\u00a0que unidades conjuntas del Ej\u00e9rcito y los Grupos Populares de Defensa han llegado a los extremos suroeste de la ciudad de Palmira\u00a0en el campo este de Homs, tras\u00a0recuperar el control de la monta\u00f1a &hellip;<\/p>\n","protected":false},"author":24,"featured_media":40648,"comment_status":"closed","ping_status":"closed","sticky":false,"template":"","format":"standard","meta":{"footnotes":""},"categories":[597,573,583],"tags":[],"class_list":["post-40647","post","type-post","status-publish","format-standard","has-post-thumbnail","","category-cinta-de-noticias","category-la-realidad-de-los-acontecimientos-en-siria","category-slide"],"_links":{"self":[{"href":"https:\/\/archive.sana.sy\/es\/index.php?rest_route=\/wp\/v2\/posts\/40647"}],"collection":[{"href":"https:\/\/archive.sana.sy\/es\/index.php?rest_route=\/wp\/v2\/posts"}],"about":[{"href":"https:\/\/archive.sana.sy\/es\/index.php?rest_route=\/wp\/v2\/types\/post"}],"author":[{"embeddable":true,"href":"https:\/\/archive.sana.sy\/es\/index.php?rest_route=\/wp\/v2\/users\/24"}],"replies":[{"embeddable":true,"href":"https:\/\/archive.sana.sy\/es\/index.php?rest_route=%2Fwp%2Fv2%2Fcomments&post=40647"}],"version-history":[{"count":0,"href":"https:\/\/archive.sana.sy\/es\/index.php?rest_route=\/wp\/v2\/posts\/40647\/revisions"}],"wp:featuredmedia":[{"embeddable":true,"href":"https:\/\/archive.sana.sy\/es\/index.php?rest_route=\/wp\/v2\/media\/40648"}],"wp:attachment":[{"href":"https:\/\/archive.sana.sy\/es\/index.php?rest_route=%2Fwp%2Fv2%2Fmedia&parent=40647"}],"wp:term":[{"taxonomy":"category","embeddable":true,"href":"https:\/\/archive.sana.sy\/es\/index.php?rest_route=%2Fwp%2Fv2%2Fcategories&post=40647"},{"taxonomy":"post_tag","embeddable":true,"href":"https:\/\/archive.sana.sy\/es\/index.php?rest_route=%2Fwp%2Fv2%2Ftags&post=40647"}],"curies":[{"name":"wp","href":"https:\/\/api.w.org\/{rel}","templated":true}]}}