{"id":40711,"date":"2016-03-25T14:35:29","date_gmt":"2016-03-25T11:35:29","guid":{"rendered":"http:\/\/sana.sy\/es\/?p=40711"},"modified":"2016-03-25T16:05:23","modified_gmt":"2016-03-25T13:05:23","slug":"presidencia-niega-lo-que-transmiten-en-algunos-medios-de-comunicacion-sobre-supuestas-declaraciones-del-presidente-bashar-al-assad","status":"publish","type":"post","link":"https:\/\/archive.sana.sy\/es\/?p=40711","title":{"rendered":"Presidencia niega lo que transmiten en algunos medios de comunicaci\u00f3n sobre supuestas declaraciones del presidente Bashar Al-Assad"},"content":{"rendered":"<p style=\"text-align: justify\"><span style=\"color: #800000\">Damasco, SANA<\/span>&#8211; La Presidencia neg\u00f3 lo que transmiti\u00f3 algunos medios de comunicaci\u00f3n sobre unas declaraciones del presidente Bashar al-Assad que hizo durante su recepci\u00f3n de los miembros de la Secretar\u00eda General de la Congregaci\u00f3n \u00c1rabe e Isl\u00e1mico para apoyar a la resistencia.<\/p>\n<p style=\"text-align: justify\"><span style=\"line-height: 1.5\">&#8220;La presidencia reconfirma que cualquier conversaci\u00f3n, declaraciones o noticias relacionadas con el presidente Al-Assad no deben ser recogidas a trav\u00e9s de invitados o visitantes del Presidente, y cualquiera de estas noticias se emiten oficialmente por la Presidencia o se publican en sus cuentas de redes sociales &#8220;, dijo la Presidencia en su comunicado emitido el viernes.<\/span><\/p>\n<p style=\"text-align: justify\">La presidencia llam\u00f3 a los medios de comunicaci\u00f3n a ser profesionales, serios cre\u00edbles y transmitir con cuidado cualquier discurso o declaraci\u00f3n emitida \u00a0por el presidente Al-Assad y no depender de lo que se transfiere de sus visitantes.<\/p>\n<p>M.Miri<\/p>\n","protected":false},"excerpt":{"rendered":"<p>Damasco, SANA&#8211; La Presidencia neg\u00f3 lo que transmiti\u00f3 algunos medios de comunicaci\u00f3n sobre unas declaraciones del presidente Bashar al-Assad que hizo durante su recepci\u00f3n de los miembros de la Secretar\u00eda General de la Congregaci\u00f3n \u00c1rabe e Isl\u00e1mico para apoyar a la resistencia. &#8220;La presidencia reconfirma que cualquier conversaci\u00f3n, declaraciones o noticias relacionadas con el presidente &hellip;<\/p>\n","protected":false},"author":1,"featured_media":40712,"comment_status":"closed","ping_status":"closed","sticky":false,"template":"","format":"standard","meta":{"footnotes":""},"categories":[583,7541],"tags":[8286],"class_list":["post-40711","post","type-post","status-publish","format-standard","has-post-thumbnail","","category-slide","category-ultimas-noticias","tag-presidencia-niega-lo-que-transmiten-en-algunos-medios-de-comunicacion-sobre-supuestas-declaraciones-del-presidente-bashar-al-assad"],"_links":{"self":[{"href":"https:\/\/archive.sana.sy\/es\/index.php?rest_route=\/wp\/v2\/posts\/40711"}],"collection":[{"href":"https:\/\/archive.sana.sy\/es\/index.php?rest_route=\/wp\/v2\/posts"}],"about":[{"href":"https:\/\/archive.sana.sy\/es\/index.php?rest_route=\/wp\/v2\/types\/post"}],"author":[{"embeddable":true,"href":"https:\/\/archive.sana.sy\/es\/index.php?rest_route=\/wp\/v2\/users\/1"}],"replies":[{"embeddable":true,"href":"https:\/\/archive.sana.sy\/es\/index.php?rest_route=%2Fwp%2Fv2%2Fcomments&post=40711"}],"version-history":[{"count":0,"href":"https:\/\/archive.sana.sy\/es\/index.php?rest_route=\/wp\/v2\/posts\/40711\/revisions"}],"wp:featuredmedia":[{"embeddable":true,"href":"https:\/\/archive.sana.sy\/es\/index.php?rest_route=\/wp\/v2\/media\/40712"}],"wp:attachment":[{"href":"https:\/\/archive.sana.sy\/es\/index.php?rest_route=%2Fwp%2Fv2%2Fmedia&parent=40711"}],"wp:term":[{"taxonomy":"category","embeddable":true,"href":"https:\/\/archive.sana.sy\/es\/index.php?rest_route=%2Fwp%2Fv2%2Fcategories&post=40711"},{"taxonomy":"post_tag","embeddable":true,"href":"https:\/\/archive.sana.sy\/es\/index.php?rest_route=%2Fwp%2Fv2%2Ftags&post=40711"}],"curies":[{"name":"wp","href":"https:\/\/api.w.org\/{rel}","templated":true}]}}