{"id":40760,"date":"2016-03-26T13:53:55","date_gmt":"2016-03-26T10:53:55","guid":{"rendered":"http:\/\/www.sana.sy\/es\/?p=40760"},"modified":"2016-03-26T19:22:07","modified_gmt":"2016-03-26T16:22:07","slug":"papa-reitera-condena-al-terrorismo-y-critica-postura-de-europa-hacia-refugiados","status":"publish","type":"post","link":"https:\/\/archive.sana.sy\/es\/?p=40760","title":{"rendered":"Papa reitera condena al terrorismo y critica postura de Europa hacia refugiados"},"content":{"rendered":"<p><span style=\"color: #800000\">Roma, SANA<\/span><\/p>\n<p style=\"text-align: justify\">El papa Francisco critic\u00f3 el rechazo de Europa hacia los inmigrantes y refugiados, e insisti\u00f3 en la necesidad de que se resuelva esta crisis humanitaria lo antes posible.<\/p>\n<p style=\"text-align: justify\">Durante la ceremonia del V\u00eda Crucis en el Coliseo de Roma, y ante miles de asistentes, el Papa denunci\u00f3 las guerras, el terrorismo, la corrupci\u00f3n.<\/p>\n<p style=\"text-align: justify\">\u201cLos takfir\u00edes, en nombre de la religi\u00f3n, cometen inaudita violencia y de este modo profanan el nombre de Dios\u201d, subray\u00f3.<\/p>\n<p>Fady M., Lynn A.<\/p>\n","protected":false},"excerpt":{"rendered":"<p>Roma, SANA El papa Francisco critic\u00f3 el rechazo de Europa hacia los inmigrantes y refugiados, e insisti\u00f3 en la necesidad de que se resuelva esta crisis humanitaria lo antes posible. Durante la ceremonia del V\u00eda Crucis en el Coliseo de Roma, y ante miles de asistentes, el Papa denunci\u00f3 las guerras, el terrorismo, la corrupci\u00f3n. &hellip;<\/p>\n","protected":false},"author":24,"featured_media":5075,"comment_status":"closed","ping_status":"closed","sticky":false,"template":"","format":"standard","meta":{"footnotes":""},"categories":[597,456,457],"tags":[],"class_list":["post-40760","post","type-post","status-publish","format-standard","has-post-thumbnail","","category-cinta-de-noticias","category-arabe-internacional-politica","category-noticias-arabe-internacional-politica"],"_links":{"self":[{"href":"https:\/\/archive.sana.sy\/es\/index.php?rest_route=\/wp\/v2\/posts\/40760"}],"collection":[{"href":"https:\/\/archive.sana.sy\/es\/index.php?rest_route=\/wp\/v2\/posts"}],"about":[{"href":"https:\/\/archive.sana.sy\/es\/index.php?rest_route=\/wp\/v2\/types\/post"}],"author":[{"embeddable":true,"href":"https:\/\/archive.sana.sy\/es\/index.php?rest_route=\/wp\/v2\/users\/24"}],"replies":[{"embeddable":true,"href":"https:\/\/archive.sana.sy\/es\/index.php?rest_route=%2Fwp%2Fv2%2Fcomments&post=40760"}],"version-history":[{"count":0,"href":"https:\/\/archive.sana.sy\/es\/index.php?rest_route=\/wp\/v2\/posts\/40760\/revisions"}],"wp:featuredmedia":[{"embeddable":true,"href":"https:\/\/archive.sana.sy\/es\/index.php?rest_route=\/wp\/v2\/media\/5075"}],"wp:attachment":[{"href":"https:\/\/archive.sana.sy\/es\/index.php?rest_route=%2Fwp%2Fv2%2Fmedia&parent=40760"}],"wp:term":[{"taxonomy":"category","embeddable":true,"href":"https:\/\/archive.sana.sy\/es\/index.php?rest_route=%2Fwp%2Fv2%2Fcategories&post=40760"},{"taxonomy":"post_tag","embeddable":true,"href":"https:\/\/archive.sana.sy\/es\/index.php?rest_route=%2Fwp%2Fv2%2Ftags&post=40760"}],"curies":[{"name":"wp","href":"https:\/\/api.w.org\/{rel}","templated":true}]}}