{"id":40787,"date":"2016-03-26T19:44:42","date_gmt":"2016-03-26T16:44:42","guid":{"rendered":"http:\/\/www.sana.sy\/es\/?p=40787"},"modified":"2016-03-26T21:24:25","modified_gmt":"2016-03-26T18:24:25","slug":"delegacion-parlamentaria-francesa-se-reune-con-estudiantes-de-la-universidad-de-damasco","status":"publish","type":"post","link":"https:\/\/archive.sana.sy\/es\/?p=40787","title":{"rendered":"Delegaci\u00f3n parlamentaria francesa visita el casco antiguo de Damasco y expresa su solidaridad con Siria y su pueblo"},"content":{"rendered":"<p style=\"text-align: justify\"><span style=\"color: #800000\">Damasco, SANA<\/span>&#8211; Miembros de la delegaci\u00f3n parlamentaria francesa que se encuentra actualmente en una visita a Siria expresaron su apoyo y solidaridad con el pueblo sirio, as\u00ed como subrayaron la importancia de las victorias logradas por el Ej\u00e9rcito \u00c1rabe Sirio en su guerra contra el terrorismo.<\/p>\n<p style=\"text-align: justify\">En una declaraci\u00f3n a la agencia siria de noticias SANA, el diputado en el Parlamento franc\u00e9s Michelle Voisa , aclar\u00f3 que la visita a Siria pretende transferir la realidad de lo que est\u00e1 sucediendo en Siria, confirmando que &#8220;El gobierno franc\u00e9s cometi\u00f3 un gran error en contra de Siria, pero los franceses tienen un gran deseo en restablecer \u00a0las relaciones con Siria&#8221;.<\/p>\n<p style=\"text-align: justify\">A su vez, Dennis Jaka, un diputado en el Parlamento franc\u00e9s, se\u00f1al\u00f3 que el objetivo de la visita es estar al tanto de la realidad de la situaci\u00f3n en Siria y la participaci\u00f3n en la misa de Pascua en Damasco, agregando que Siria ha podido demostrar para todo el mundo su capacidad en combatir el terrorismo, as\u00ed como elogio el gran avance conseguido por el ej\u00e9rcito sirio en la recuperaci\u00f3n de la ciudad hist\u00f3rica de `Palmira.<\/p>\n<p style=\"text-align: justify\">&#8220;Siento mucho dolor por Siria y me da mucha verg\u00fcenza la posici\u00f3n de mi gobierno en respecto a la guerra lanzada contra Siria y espero que se acabe con el terrorismo lo antes posible,&#8221; dijo la escritura y periodista francesa Adeline Henw.<\/p>\n<p style=\"text-align: justify\"><a href=\"http:\/\/www.sana.sy\/es\/?attachment_id=40809\" rel=\"attachment wp-att-40809\"><img loading=\"lazy\" decoding=\"async\" class=\"alignnone size-medium wp-image-40809\" src=\"http:\/\/www.sana.sy\/es\/wp-content\/uploads\/2016\/03\/3-191-300x168-300x168.jpg\" alt=\"3-191-300x168\" width=\"300\" height=\"168\" srcset=\"https:\/\/archive.sana.sy\/es\/wp-content\/uploads\/2016\/03\/3-191-300x168.jpg 300w, https:\/\/archive.sana.sy\/es\/wp-content\/uploads\/2016\/03\/3-191-300x168-150x84.jpg 150w\" sizes=\"(max-width: 300px) 100vw, 300px\" \/><\/a>\u00a0<a href=\"http:\/\/www.sana.sy\/es\/?attachment_id=40810\" rel=\"attachment wp-att-40810\"><img loading=\"lazy\" decoding=\"async\" class=\"alignnone size-medium wp-image-40810\" src=\"http:\/\/www.sana.sy\/es\/wp-content\/uploads\/2016\/03\/2-279-300x168-300x168.jpg\" alt=\"2-279-300x168\" width=\"300\" height=\"168\" srcset=\"https:\/\/archive.sana.sy\/es\/wp-content\/uploads\/2016\/03\/2-279-300x168.jpg 300w, https:\/\/archive.sana.sy\/es\/wp-content\/uploads\/2016\/03\/2-279-300x168-150x84.jpg 150w\" sizes=\"(max-width: 300px) 100vw, 300px\" \/><\/a><\/p>\n<p style=\"text-align: justify\"><span style=\"color: #0000ff\">Delegaci\u00f3n parlamentaria francesa se re\u00fane con estudiantes de la Universidad de Damasco<\/span><\/p>\n<p style=\"text-align: justify\"><a href=\"http:\/\/www.sana.sy\/es\/?attachment_id=40808\" rel=\"attachment wp-att-40808\"><img loading=\"lazy\" decoding=\"async\" class=\"alignnone size-medium wp-image-40808\" src=\"http:\/\/www.sana.sy\/es\/wp-content\/uploads\/2016\/03\/11-74-300x168-300x168.jpg\" alt=\"11-74-300x168\" width=\"300\" height=\"168\" srcset=\"https:\/\/archive.sana.sy\/es\/wp-content\/uploads\/2016\/03\/11-74-300x168.jpg 300w, https:\/\/archive.sana.sy\/es\/wp-content\/uploads\/2016\/03\/11-74-300x168-150x84.jpg 150w\" sizes=\"(max-width: 300px) 100vw, 300px\" \/><\/a><\/p>\n<p style=\"text-align: justify\">Una delegaci\u00f3n parlamentaria francesa se reuni\u00f3 este s\u00e1bado con estudiantes de la Universidad de Damasco.<\/p>\n<p style=\"text-align: justify\">Durante la reuni\u00f3n, el diputado, y miembro de la Comisi\u00f3n para Asuntos Extranjeros en la Asamblea Nacional de Francia, Thierry Mariani, expres\u00f3 su esperanza de que las relaciones sirio-franceses recuperen su normalidad, especialmente que ambos pa\u00edses se est\u00e1n enfrentando a un enemigo com\u00fan que es el terrorismo.<\/p>\n<p style=\"text-align: justify\">Mariani asever\u00f3 que los sirios tienen derecho a determinar su futuro lejos de las intervenciones extranjeras.<\/p>\n<p style=\"text-align: justify\">Los miembros de la delegaci\u00f3n se\u00f1alaron que la guerra encaminada contra Siria tiene por objetivo desestabilizar la regi\u00f3n entera y socavar el proceso de educaci\u00f3n y la antigua civilizaci\u00f3n de la misma.<\/p>\n<p style=\"text-align: justify\">Enfatizaron que el Parlamento franc\u00e9s est\u00e1 convencido de que la lucha contra la organizaci\u00f3n terrorista es una prioridad.<\/p>\n<p style=\"text-align: justify\">Asimismo expresaron su rechazo a las pol\u00edticas anti sirias de Turqu\u00eda, Arabia Saudita y todos los pa\u00edses implicados en la guerra contra Siria, expresando su esperanza de que el di\u00e1logo intersirio se desarrolle bien.<\/p>\n<p style=\"text-align: justify\">En sus intervenciones, los estudiantes sirios instaron a los miembros de la delegaci\u00f3n que trasmitan la verdadera imagen de lo que est\u00e1 sucediendo a la opini\u00f3n p\u00fablica francesa.<\/p>\n<p style=\"text-align: justify\">Asimismo expresaron su esperanza de que las relaciones sirio-francesas se normalicen, sobre todo en el \u00e1mbito cultural y de educaci\u00f3n.<\/p>\n<p style=\"text-align: justify\">A su vez, el rector de la Universidad de Damasco, Mohamad Hassan al-Krdi dijo que el proceso de educaci\u00f3n sigue en marcha en todas las universidades, pese al impacto que dej\u00f3 la crisis en este sector.<\/p>\n<p>&nbsp;<\/p>\n<p>Lynn A., M Miri<\/p>\n","protected":false},"excerpt":{"rendered":"<p>Damasco, SANA&#8211; Miembros de la delegaci\u00f3n parlamentaria francesa que se encuentra actualmente en una visita a Siria expresaron su apoyo y solidaridad con el pueblo sirio, as\u00ed como subrayaron la importancia de las victorias logradas por el Ej\u00e9rcito \u00c1rabe Sirio en su guerra contra el terrorismo. En una declaraci\u00f3n a la agencia siria de noticias &hellip;<\/p>\n","protected":false},"author":24,"featured_media":40807,"comment_status":"closed","ping_status":"closed","sticky":false,"template":"","format":"standard","meta":{"footnotes":""},"categories":[477,476,7541],"tags":[8294],"class_list":["post-40787","post","type-post","status-publish","format-standard","has-post-thumbnail","","category-noticias-edulcorantes","category-locales","category-ultimas-noticias","tag-delegacion-parlamentaria-frances-visita-el-casco-antiguo-de-damasco-y-expresa-su-solidaridad-con-siria-y-su-pueblo"],"_links":{"self":[{"href":"https:\/\/archive.sana.sy\/es\/index.php?rest_route=\/wp\/v2\/posts\/40787"}],"collection":[{"href":"https:\/\/archive.sana.sy\/es\/index.php?rest_route=\/wp\/v2\/posts"}],"about":[{"href":"https:\/\/archive.sana.sy\/es\/index.php?rest_route=\/wp\/v2\/types\/post"}],"author":[{"embeddable":true,"href":"https:\/\/archive.sana.sy\/es\/index.php?rest_route=\/wp\/v2\/users\/24"}],"replies":[{"embeddable":true,"href":"https:\/\/archive.sana.sy\/es\/index.php?rest_route=%2Fwp%2Fv2%2Fcomments&post=40787"}],"version-history":[{"count":0,"href":"https:\/\/archive.sana.sy\/es\/index.php?rest_route=\/wp\/v2\/posts\/40787\/revisions"}],"wp:featuredmedia":[{"embeddable":true,"href":"https:\/\/archive.sana.sy\/es\/index.php?rest_route=\/wp\/v2\/media\/40807"}],"wp:attachment":[{"href":"https:\/\/archive.sana.sy\/es\/index.php?rest_route=%2Fwp%2Fv2%2Fmedia&parent=40787"}],"wp:term":[{"taxonomy":"category","embeddable":true,"href":"https:\/\/archive.sana.sy\/es\/index.php?rest_route=%2Fwp%2Fv2%2Fcategories&post=40787"},{"taxonomy":"post_tag","embeddable":true,"href":"https:\/\/archive.sana.sy\/es\/index.php?rest_route=%2Fwp%2Fv2%2Ftags&post=40787"}],"curies":[{"name":"wp","href":"https:\/\/api.w.org\/{rel}","templated":true}]}}