{"id":41120,"date":"2016-04-01T19:24:50","date_gmt":"2016-04-01T16:24:50","guid":{"rendered":"http:\/\/www.sana.sy\/es\/?p=41120"},"modified":"2016-04-01T19:24:50","modified_gmt":"2016-04-01T16:24:50","slug":"churkin-servicio-de-inteligencia-de-turquia-es-el-ente-encargado-de-suministrar-armas-a-los-terroristas-del-ei","status":"publish","type":"post","link":"https:\/\/archive.sana.sy\/es\/?p=41120","title":{"rendered":"Churkin: servicio de inteligencia de Turqu\u00eda es el ente encargado de suministrar armas a los terroristas del EI"},"content":{"rendered":"<p><span style=\"color: #800000\">Mosc\u00fa, SANA<\/span><\/p>\n<p>El embajador de Rusia ante la ONU, Vitaly Churkin se\u00f1al\u00f3 que Turqu\u00eda es\u00a0el principal proveedor de armas y pertrechos b\u00e9licos a los terroristas del Estado Isl\u00e1mico.<\/p>\n<p>La agencia de noticias rusa \u201cTass\u201d cit\u00f3 a Churkin diciendo que el servicio de inteligencia de Turqu\u00eda es el ente encargado de suministrar armas a los terroristas del EI.<\/p>\n<p>Asimismo record\u00f3 los datos sobre el ilegal suministro de material militar llevado a cabo por Turqu\u00eda a la organizaci\u00f3n terrorista del EI entre el mes de noviembre de 2015 y el de enero del presente a\u00f1o.<\/p>\n<p>Churkin agreg\u00f3 que la inteligencia turca est\u00e1 usando veh\u00edculos, inclusive los utilizados en los convoyes de ayuda humanitaria para este fin.<\/p>\n<p>&nbsp;<br \/>\nLynn A.<\/p>\n","protected":false},"excerpt":{"rendered":"<p>Mosc\u00fa, SANA El embajador de Rusia ante la ONU, Vitaly Churkin se\u00f1al\u00f3 que Turqu\u00eda es\u00a0el principal proveedor de armas y pertrechos b\u00e9licos a los terroristas del Estado Isl\u00e1mico. La agencia de noticias rusa \u201cTass\u201d cit\u00f3 a Churkin diciendo que el servicio de inteligencia de Turqu\u00eda es el ente encargado de suministrar armas a los terroristas &hellip;<\/p>\n","protected":false},"author":24,"featured_media":30683,"comment_status":"closed","ping_status":"closed","sticky":false,"template":"","format":"standard","meta":{"footnotes":""},"categories":[456,457,7541],"tags":[],"class_list":["post-41120","post","type-post","status-publish","format-standard","has-post-thumbnail","","category-arabe-internacional-politica","category-noticias-arabe-internacional-politica","category-ultimas-noticias"],"_links":{"self":[{"href":"https:\/\/archive.sana.sy\/es\/index.php?rest_route=\/wp\/v2\/posts\/41120"}],"collection":[{"href":"https:\/\/archive.sana.sy\/es\/index.php?rest_route=\/wp\/v2\/posts"}],"about":[{"href":"https:\/\/archive.sana.sy\/es\/index.php?rest_route=\/wp\/v2\/types\/post"}],"author":[{"embeddable":true,"href":"https:\/\/archive.sana.sy\/es\/index.php?rest_route=\/wp\/v2\/users\/24"}],"replies":[{"embeddable":true,"href":"https:\/\/archive.sana.sy\/es\/index.php?rest_route=%2Fwp%2Fv2%2Fcomments&post=41120"}],"version-history":[{"count":0,"href":"https:\/\/archive.sana.sy\/es\/index.php?rest_route=\/wp\/v2\/posts\/41120\/revisions"}],"wp:featuredmedia":[{"embeddable":true,"href":"https:\/\/archive.sana.sy\/es\/index.php?rest_route=\/wp\/v2\/media\/30683"}],"wp:attachment":[{"href":"https:\/\/archive.sana.sy\/es\/index.php?rest_route=%2Fwp%2Fv2%2Fmedia&parent=41120"}],"wp:term":[{"taxonomy":"category","embeddable":true,"href":"https:\/\/archive.sana.sy\/es\/index.php?rest_route=%2Fwp%2Fv2%2Fcategories&post=41120"},{"taxonomy":"post_tag","embeddable":true,"href":"https:\/\/archive.sana.sy\/es\/index.php?rest_route=%2Fwp%2Fv2%2Ftags&post=41120"}],"curies":[{"name":"wp","href":"https:\/\/api.w.org\/{rel}","templated":true}]}}