{"id":41129,"date":"2016-04-02T13:36:48","date_gmt":"2016-04-02T10:36:48","guid":{"rendered":"http:\/\/www.sana.sy\/es\/?p=41129"},"modified":"2016-04-02T13:36:48","modified_gmt":"2016-04-02T10:36:48","slug":"lavrov-y-kerry-examinan-por-telefono-las-maneras-de-promover-el-cese-de-hostilidades-en-siria","status":"publish","type":"post","link":"https:\/\/archive.sana.sy\/es\/?p=41129","title":{"rendered":"Lavrov y Kerry examinan por tel\u00e9fono las maneras de promover el cese de hostilidades en Siria"},"content":{"rendered":"<div style=\"text-align: justify\"><span lang=\"ES-TRAD\" style=\"color: #800000\">Mosc\u00fa, SANA<\/span><\/div>\n<div style=\"text-align: justify\"><\/div>\n<div style=\"text-align: justify\"><span lang=\"ES-TRAD\">El ministro de Asuntos Exteriores de Rusia, Sergei Lavrov, y su hom\u00f3logo estadounidense, John Kerry, examinaron en una conversaci\u00f3n telef\u00f3nica las formas de promover el cese de hostilidades en Siria.<\/span><\/div>\n<div style=\"text-align: justify\"><\/div>\n<div style=\"text-align: justify\"><span lang=\"ES-TRAD\">El canal \u201cRussia Today\u201d cit\u00f3 un comunicado de la canciller\u00eda rusa diciendo que &#8220;las dos partes discutieron las medidas concretas con el fin de promover el cese de hostilidades y la lucha contra el terrorismo en Siria.&#8221;<\/span><\/div>\n<div style=\"text-align: justify\"><\/div>\n<div style=\"text-align: justify\"><span lang=\"ES-TRAD\">El comunicado agreg\u00f3 que el canciller Lavrov plante\u00f3 la cuesti\u00f3n de la necesidad del cierre de la frontera entre Turqu\u00eda y Siria, lo cual requiere esfuerzos para acordar medidas dentro del marco del Consejo de Seguridad de la ONU.<\/span><\/div>\n<div style=\"text-align: justify\"><\/div>\n<div style=\"text-align: justify\"><span lang=\"ES-TRAD\">Seg\u00fan la nota, &#8220;Lavrov llam\u00f3 la atenci\u00f3n de Kerry al hecho de que la frontera entre Turqu\u00eda y Siria se est\u00e1 utilizando con eficacia para ingresar a armados a Siria a trav\u00e9s de Turqu\u00eda.&#8221;<\/span><\/div>\n<div style=\"text-align: justify\"><\/div>\n<div style=\"text-align: justify\"><span style=\"color: #0000ff\">Fady M., Hala B.<\/span><\/div>\n","protected":false},"excerpt":{"rendered":"<p>Mosc\u00fa, SANA El ministro de Asuntos Exteriores de Rusia, Sergei Lavrov, y su hom\u00f3logo estadounidense, John Kerry, examinaron en una conversaci\u00f3n telef\u00f3nica las formas de promover el cese de hostilidades en Siria. El canal \u201cRussia Today\u201d cit\u00f3 un comunicado de la canciller\u00eda rusa diciendo que &#8220;las dos partes discutieron las medidas concretas con el fin &hellip;<\/p>\n","protected":false},"author":1,"featured_media":41130,"comment_status":"closed","ping_status":"closed","sticky":false,"template":"","format":"standard","meta":{"footnotes":""},"categories":[597,457,576,7541],"tags":[],"class_list":["post-41129","post","type-post","status-publish","format-standard","has-post-thumbnail","","category-cinta-de-noticias","category-noticias-arabe-internacional-politica","category-noticias-politicas","category-ultimas-noticias"],"_links":{"self":[{"href":"https:\/\/archive.sana.sy\/es\/index.php?rest_route=\/wp\/v2\/posts\/41129"}],"collection":[{"href":"https:\/\/archive.sana.sy\/es\/index.php?rest_route=\/wp\/v2\/posts"}],"about":[{"href":"https:\/\/archive.sana.sy\/es\/index.php?rest_route=\/wp\/v2\/types\/post"}],"author":[{"embeddable":true,"href":"https:\/\/archive.sana.sy\/es\/index.php?rest_route=\/wp\/v2\/users\/1"}],"replies":[{"embeddable":true,"href":"https:\/\/archive.sana.sy\/es\/index.php?rest_route=%2Fwp%2Fv2%2Fcomments&post=41129"}],"version-history":[{"count":0,"href":"https:\/\/archive.sana.sy\/es\/index.php?rest_route=\/wp\/v2\/posts\/41129\/revisions"}],"wp:featuredmedia":[{"embeddable":true,"href":"https:\/\/archive.sana.sy\/es\/index.php?rest_route=\/wp\/v2\/media\/41130"}],"wp:attachment":[{"href":"https:\/\/archive.sana.sy\/es\/index.php?rest_route=%2Fwp%2Fv2%2Fmedia&parent=41129"}],"wp:term":[{"taxonomy":"category","embeddable":true,"href":"https:\/\/archive.sana.sy\/es\/index.php?rest_route=%2Fwp%2Fv2%2Fcategories&post=41129"},{"taxonomy":"post_tag","embeddable":true,"href":"https:\/\/archive.sana.sy\/es\/index.php?rest_route=%2Fwp%2Fv2%2Ftags&post=41129"}],"curies":[{"name":"wp","href":"https:\/\/api.w.org\/{rel}","templated":true}]}}