{"id":41135,"date":"2016-04-02T13:42:09","date_gmt":"2016-04-02T10:42:09","guid":{"rendered":"http:\/\/www.sana.sy\/es\/?p=41135"},"modified":"2016-04-02T13:42:09","modified_gmt":"2016-04-02T10:42:09","slug":"obama-critica-politica-de-erdogan-hacia-la-libertad-de-prensa-en-turquia","status":"publish","type":"post","link":"https:\/\/archive.sana.sy\/es\/?p=41135","title":{"rendered":"Obama critica pol\u00edtica de Erdogan hacia la libertad de prensa en Turqu\u00eda"},"content":{"rendered":"<div style=\"text-align: justify\"><span lang=\"ES-TRAD\" style=\"color: #800000\">Washington, SANA<\/span><\/div>\n<div style=\"text-align: justify\"><\/div>\n<div style=\"text-align: justify\"><span lang=\"ES-TRAD\">El presidente estadounidense Barack Obama, conden\u00f3 en los t\u00e9rminos m\u00e1s en\u00e9rgicos la trayectoria seguida por el presidente del r\u00e9gimen turco Recep Erdogan sobre la libertad de prensa en Turqu\u00eda.<\/span><\/div>\n<div style=\"text-align: justify\"><\/div>\n<div style=\"text-align: justify\"><span lang=\"ES-TRAD\">En la ceremonia de inauguraci\u00f3n de la Cumbre de Seguridad Nuclear en Washington, Obama describi\u00f3 de &#8220;muy preocupante&#8221; a la pol\u00edtica de Erdogan respecto a la prensa, en una cr\u00edtica p\u00fablica que se produce un d\u00eda despu\u00e9s de que Obama y Erdogan se reunieran en Washington.<\/span><\/div>\n<div style=\"text-align: justify\"><\/div>\n<div style=\"text-align: justify\"><span lang=\"ES-TRAD\">Por otro lado, el presidente de EE.UU., declar\u00f3 que las armas nucleares en manos de terroristas son la mayor amenaza para la seguridad mundial.<\/span><\/div>\n<div style=\"text-align: justify\"><\/div>\n<div style=\"text-align: justify\"><span lang=\"ES-TRAD\">El problema del terrorismo nuclear centra la Cumbre de Seguridad Nuclear que se celebra en la capital de EE.UU. estos d\u00edas.<\/span><\/div>\n<div style=\"text-align: justify\"><\/div>\n<div style=\"text-align: justify\"><span lang=\"ES-TRAD\">En una rueda de prensa tras la Cumbre de Seguridad Nuclear en Washington, el presidente de EEUU reiter\u00f3 su disposici\u00f3n de iniciar conversaciones con Rusia sobre reducci\u00f3n de armas nucleares.<\/span><\/div>\n<div style=\"text-align: justify\"><\/div>\n<div style=\"text-align: justify\"><span style=\"color: #0000ff\">Fady M., Hala B.<\/span><\/div>\n","protected":false},"excerpt":{"rendered":"<p>Washington, SANA El presidente estadounidense Barack Obama, conden\u00f3 en los t\u00e9rminos m\u00e1s en\u00e9rgicos la trayectoria seguida por el presidente del r\u00e9gimen turco Recep Erdogan sobre la libertad de prensa en Turqu\u00eda. En la ceremonia de inauguraci\u00f3n de la Cumbre de Seguridad Nuclear en Washington, Obama describi\u00f3 de &#8220;muy preocupante&#8221; a la pol\u00edtica de Erdogan respecto &hellip;<\/p>\n","protected":false},"author":1,"featured_media":41136,"comment_status":"closed","ping_status":"closed","sticky":false,"template":"","format":"standard","meta":{"footnotes":""},"categories":[597,456,457,576],"tags":[],"class_list":["post-41135","post","type-post","status-publish","format-standard","has-post-thumbnail","","category-cinta-de-noticias","category-arabe-internacional-politica","category-noticias-arabe-internacional-politica","category-noticias-politicas"],"_links":{"self":[{"href":"https:\/\/archive.sana.sy\/es\/index.php?rest_route=\/wp\/v2\/posts\/41135"}],"collection":[{"href":"https:\/\/archive.sana.sy\/es\/index.php?rest_route=\/wp\/v2\/posts"}],"about":[{"href":"https:\/\/archive.sana.sy\/es\/index.php?rest_route=\/wp\/v2\/types\/post"}],"author":[{"embeddable":true,"href":"https:\/\/archive.sana.sy\/es\/index.php?rest_route=\/wp\/v2\/users\/1"}],"replies":[{"embeddable":true,"href":"https:\/\/archive.sana.sy\/es\/index.php?rest_route=%2Fwp%2Fv2%2Fcomments&post=41135"}],"version-history":[{"count":0,"href":"https:\/\/archive.sana.sy\/es\/index.php?rest_route=\/wp\/v2\/posts\/41135\/revisions"}],"wp:featuredmedia":[{"embeddable":true,"href":"https:\/\/archive.sana.sy\/es\/index.php?rest_route=\/wp\/v2\/media\/41136"}],"wp:attachment":[{"href":"https:\/\/archive.sana.sy\/es\/index.php?rest_route=%2Fwp%2Fv2%2Fmedia&parent=41135"}],"wp:term":[{"taxonomy":"category","embeddable":true,"href":"https:\/\/archive.sana.sy\/es\/index.php?rest_route=%2Fwp%2Fv2%2Fcategories&post=41135"},{"taxonomy":"post_tag","embeddable":true,"href":"https:\/\/archive.sana.sy\/es\/index.php?rest_route=%2Fwp%2Fv2%2Ftags&post=41135"}],"curies":[{"name":"wp","href":"https:\/\/api.w.org\/{rel}","templated":true}]}}