{"id":41143,"date":"2016-04-03T19:04:34","date_gmt":"2016-04-03T16:04:34","guid":{"rendered":"http:\/\/www.sana.sy\/es\/?p=41143"},"modified":"2016-04-03T20:47:49","modified_gmt":"2016-04-03T17:47:49","slug":"el-presidente-al-assad-el-pueblo-y-el-ejercito-en-siria-tienen-la-voluntad-de-limpiarla-completamente-de-los-terroristas-y-esto-es-indiscutible","status":"publish","type":"post","link":"https:\/\/archive.sana.sy\/es\/?p=41143","title":{"rendered":"El presidente Al Assad: el pueblo y el ej\u00e9rcito en Siria\u00a0 tienen la voluntad de limpiarla completamente de los terroristas y esto es indiscutible"},"content":{"rendered":"<p style=\"text-align: justify\"><span style=\"color: #800000\">Damasco, SANA<\/span><\/p>\n<p style=\"text-align: justify\">El presidente Bashar al-Assad afirm\u00f3 que el pueblo y el ej\u00e9rcito en Siria tienen la voluntad de limpiar el pa\u00eds completamente de los terroristas y esto es indiscutible.<\/p>\n<p style=\"text-align: justify\">En una entrevista con las agencias rusas Ria Novosti y Sputnik, el presidente puso de relieve que los dos principales ejes que pueden conducir\u00a0 a resultados que protejan a Siria y sus ciudadanos son la lucha antiterrorista primero, y la acci\u00f3n pol\u00edtica en segundo lugar.<\/p>\n<p style=\"text-align: justify\">El presidente subray\u00f3 que las potencias occidentales no son sinceras y ejercen una pol\u00edtica alejada de los principios y el derecho internacional y la ONU, y por consiguiente no se puede depender de ellas para la soluci\u00f3n de ning\u00fan problema.<\/p>\n<p style=\"text-align: justify\">Segunda pregunta: Sr. Presidente Siria es un pa\u00eds rico en historia.<\/p>\n<p style=\"text-align: justify\">\u00bfC\u00f3mo se imaginan su rol en la historia de su pa\u00eds? y \u00bfc\u00f3mo ser\u00e1 evaluado en el futuro por los histori\u00f3grafos, en su opini\u00f3n?<\/p>\n<p style=\"text-align: justify\">Presidente: seg\u00fan el historiador\u00a0 y su objetividad. Yo no puedo evaluarme\u00a0 pero puedo desear [que sea evaluado] como quien protegi\u00f3 a su pa\u00eds frente a una embestida terrorista inaudita, y salvaguard\u00f3 a la regi\u00f3n porque Siria es un pa\u00eds clave y una implosi\u00f3n del pa\u00eds afectar\u00eda \u00a0seguramente a toda el \u00e1rea.<\/p>\n<p style=\"text-align: justify\">Tercera pregunta: lo que sucede en Siria en gran medida tiene dimensiones mundiales. \u00bfQu\u00e9 consejo le dar\u00eda a un jefe de Estado que enfrenta una situaci\u00f3n parecida a la que tiene Siria ahora?<\/p>\n<p style=\"text-align: justify\">Presidente: No deseo que ning\u00fan otro pa\u00eds o pueblo pase por lo que ha pasado\u00a0Siria, y lo que quiero decir partiendo de nuestra experiencia es que cualquier tipo de fanatismo, sea religioso, pol\u00edtico, social\u2026 es destructivo para la sociedad y hay que alejarse del fanatismo en el proceso de construcci\u00f3n de las sociedades.<\/p>\n<p style=\"text-align: justify\">La lecci\u00f3n m\u00e1s importante que hemos aprendido es que Occidente no es sincero\u2026 los pa\u00edses occidentales no son sinceros y ejercen una pol\u00edtica distante de los principios y el derecho internacional\u2026 tener buenos amigos acelera la soluci\u00f3n, por tanto cada responsable deber\u00eda escoger bien a los pa\u00edses amigos que se pondr\u00edan de su lado cuando enfrente una crisis.<\/p>\n<p style=\"text-align: justify\">Cuarta pregunta: en alg\u00fan momento terminar\u00e1 la guerra en Siria, pero el pa\u00eds saldr\u00e1 de ella distinto y no ser\u00e1 como antes. \u00bfC\u00f3mo ser\u00e1 la Siria de posguerra y c\u00f3mo quiere verla?<\/p>\n<p style=\"text-align: justify\">Presidente: Creo que el cambio comienza ya. Al principio la guerra constituy\u00f3 un choque para muchos sirios y los llev\u00f3 en direcciones err\u00f3neas. Hoy la imagen est\u00e1 clara, y el cambio parte de la idea de que el fanatismo es inaceptable en un pa\u00eds diverso como Siria.<\/p>\n<p style=\"text-align: justify\">Tenemos una gran diversidad \u00e9tnica, religiosa y sectaria por tanto para que Siria exista tenemos que convivir con afecto verdadero y no formal, y comenzamos a palpar esto ahora en la sociedad siria, y si logramos superar esta crisis entonces la sociedad siria ser\u00e1 mejor y Siria podr\u00e1 ejercer mejor su rol hist\u00f3rico y esto beneficiar\u00e1 a las otras sociedades.\u00a0 Nosotros como pa\u00edses \u00e1rabes e isl\u00e1micos nos influenciamos unos con otros y es de esperar que el patriotismo impere y no el deslumbramiento por Occidente.<\/p>\n<p style=\"text-align: justify\">Quinta pregunta: como pol\u00edtico y ser humano usted observa todos los d\u00edas c\u00f3mo muere gente en su pa\u00eds\u2026 muchos se ven obligados a huir del territorio y dejan atr\u00e1s sus hogares. No podemos abordar esto sin repercusiones psicol\u00f3gicas. \u00bfC\u00f3mo abordas esto en el aspecto humano?<\/p>\n<p style=\"text-align: justify\">Y \u00bfc\u00f3mo usted\u00a0puede cargar con una responsabilidad importante y dif\u00edcil como esta y qui\u00e9n le da apoyo?<\/p>\n<p style=\"text-align: justify\">Presidente: Es totalmente cierto. Uno vive esto cotidianamente y piensa en las repercusiones en las familias\u2026 este lado nos afecta diariamente como sirios y es un aspecto verdaderamente doloroso. Pero cuando estas en un cargo tienes que transformar el aspecto emocional en una acci\u00f3n o sea c\u00f3mo proteger a las potenciales v\u00edctimas.<\/p>\n<p style=\"text-align: justify\">Por tanto los dos principales ejes que podr\u00edan conducir a resultados son: la lucha contra el terrorismo y la acci\u00f3n pol\u00edtica para detener lo que sucede en Siria. La acci\u00f3n pol\u00edtica implica negociaciones pol\u00edticas por un lado y negociaciones con los armados que quieran volver al seno del Estado y la vida normal. En esto hemos tenido \u00e9xito en gran medida durante los dos \u00faltimos a\u00f1os.<\/p>\n<p style=\"text-align: justify\">Nosotros como sirios, en tanto dirigentes como ciudadanos, tomamos nuestra fuerza de las familias de los m\u00e1rtires y heridos porque son ellos quienes ofrecen el mayor precio y al mismo tiempo anuncian continuamente que lo hacen por la patria.<\/p>\n<p style=\"text-align: justify\"><span style=\"color: #0000ff\">Riad Sh., Hala B.<\/span><\/p>\n","protected":false},"excerpt":{"rendered":"<p>Damasco, SANA El presidente Bashar al-Assad afirm\u00f3 que el pueblo y el ej\u00e9rcito en Siria tienen la voluntad de limpiar el pa\u00eds completamente de los terroristas y esto es indiscutible. En una entrevista con las agencias rusas Ria Novosti y Sputnik, el presidente puso de relieve que los dos principales ejes que pueden conducir\u00a0 a &hellip;<\/p>\n","protected":false},"author":1,"featured_media":41144,"comment_status":"closed","ping_status":"closed","sticky":false,"template":"","format":"standard","meta":{"footnotes":""},"categories":[583,626],"tags":[8332],"class_list":["post-41143","post","type-post","status-publish","format-standard","has-post-thumbnail","","category-slide","category-sr-presidente","tag-el-presidente-al-assad-el-pueblo-y-el-ejercito-en-siria-tienen-la-voluntad-de-limpiarla-completamente-de-los-terroristas-y-esto-es-indiscutible"],"_links":{"self":[{"href":"https:\/\/archive.sana.sy\/es\/index.php?rest_route=\/wp\/v2\/posts\/41143"}],"collection":[{"href":"https:\/\/archive.sana.sy\/es\/index.php?rest_route=\/wp\/v2\/posts"}],"about":[{"href":"https:\/\/archive.sana.sy\/es\/index.php?rest_route=\/wp\/v2\/types\/post"}],"author":[{"embeddable":true,"href":"https:\/\/archive.sana.sy\/es\/index.php?rest_route=\/wp\/v2\/users\/1"}],"replies":[{"embeddable":true,"href":"https:\/\/archive.sana.sy\/es\/index.php?rest_route=%2Fwp%2Fv2%2Fcomments&post=41143"}],"version-history":[{"count":0,"href":"https:\/\/archive.sana.sy\/es\/index.php?rest_route=\/wp\/v2\/posts\/41143\/revisions"}],"wp:featuredmedia":[{"embeddable":true,"href":"https:\/\/archive.sana.sy\/es\/index.php?rest_route=\/wp\/v2\/media\/41144"}],"wp:attachment":[{"href":"https:\/\/archive.sana.sy\/es\/index.php?rest_route=%2Fwp%2Fv2%2Fmedia&parent=41143"}],"wp:term":[{"taxonomy":"category","embeddable":true,"href":"https:\/\/archive.sana.sy\/es\/index.php?rest_route=%2Fwp%2Fv2%2Fcategories&post=41143"},{"taxonomy":"post_tag","embeddable":true,"href":"https:\/\/archive.sana.sy\/es\/index.php?rest_route=%2Fwp%2Fv2%2Ftags&post=41143"}],"curies":[{"name":"wp","href":"https:\/\/api.w.org\/{rel}","templated":true}]}}